{"id":373,"date":"2020-12-05T14:24:40","date_gmt":"2020-12-05T13:24:40","guid":{"rendered":"http:\/\/yanntrebaol.fr\/musicien\/?p=373"},"modified":"2020-12-08T18:53:08","modified_gmt":"2020-12-08T17:53:08","slug":"fighting-for-rock","status":"publish","type":"post","link":"https:\/\/yanntrebaol.fr\/musicien\/index.php\/2020\/12\/05\/fighting-for-rock\/","title":{"rendered":"FIGHTING FOR ROCK !"},"content":{"rendered":"\t\t<div data-elementor-type=\"wp-post\" data-elementor-id=\"373\" class=\"elementor elementor-373\">\n\t\t\t\t\t\t<section class=\"elementor-section elementor-top-section elementor-element elementor-element-39c360c elementor-section-boxed elementor-section-height-default elementor-section-height-default\" data-id=\"39c360c\" data-element_type=\"section\" data-e-type=\"section\">\n\t\t\t\t\t\t<div class=\"elementor-container elementor-column-gap-default\">\n\t\t\t\t\t<div class=\"elementor-column elementor-col-100 elementor-top-column elementor-element elementor-element-965ff78\" data-id=\"965ff78\" data-element_type=\"column\" data-e-type=\"column\">\n\t\t\t<div class=\"elementor-widget-wrap elementor-element-populated\">\n\t\t\t\t\t\t<section class=\"elementor-section elementor-inner-section elementor-element elementor-element-7c0aafa elementor-section-boxed elementor-section-height-default elementor-section-height-default\" data-id=\"7c0aafa\" data-element_type=\"section\" data-e-type=\"section\">\n\t\t\t\t\t\t<div class=\"elementor-container elementor-column-gap-default\">\n\t\t\t\t\t<div class=\"elementor-column elementor-col-50 elementor-inner-column elementor-element elementor-element-d952e86\" data-id=\"d952e86\" data-element_type=\"column\" data-e-type=\"column\">\n\t\t\t<div class=\"elementor-widget-wrap elementor-element-populated\">\n\t\t\t\t\t\t<div class=\"elementor-element elementor-element-49f98c9 elementor-widget elementor-widget-image\" data-id=\"49f98c9\" data-element_type=\"widget\" data-e-type=\"widget\" data-widget_type=\"image.default\">\n\t\t\t\t<div class=\"elementor-widget-container\">\n\t\t\t\t\t\t\t\t\t\t\t\t\t\t\t<img fetchpriority=\"high\" decoding=\"async\" width=\"525\" height=\"394\" src=\"https:\/\/yanntrebaol.fr\/musicien\/wp-content\/uploads\/2020\/12\/3-1024x768.jpg\" class=\"attachment-large size-large wp-image-375\" alt=\"\" srcset=\"https:\/\/yanntrebaol.fr\/musicien\/wp-content\/uploads\/2020\/12\/3-1024x768.jpg 1024w, https:\/\/yanntrebaol.fr\/musicien\/wp-content\/uploads\/2020\/12\/3-300x225.jpg 300w, https:\/\/yanntrebaol.fr\/musicien\/wp-content\/uploads\/2020\/12\/3-768x576.jpg 768w, https:\/\/yanntrebaol.fr\/musicien\/wp-content\/uploads\/2020\/12\/3-1536x1152.jpg 1536w, https:\/\/yanntrebaol.fr\/musicien\/wp-content\/uploads\/2020\/12\/3-2048x1536.jpg 2048w\" sizes=\"100vw\" \/>\t\t\t\t\t\t\t\t\t\t\t\t\t\t\t<\/div>\n\t\t\t\t<\/div>\n\t\t\t\t\t<\/div>\n\t\t<\/div>\n\t\t\t\t<div class=\"elementor-column elementor-col-50 elementor-inner-column elementor-element elementor-element-db50f4f\" data-id=\"db50f4f\" data-element_type=\"column\" data-e-type=\"column\">\n\t\t\t<div class=\"elementor-widget-wrap elementor-element-populated\">\n\t\t\t\t\t\t<div class=\"elementor-element elementor-element-af1dfb4 elementor-widget elementor-widget-text-editor\" data-id=\"af1dfb4\" data-element_type=\"widget\" data-e-type=\"widget\" data-widget_type=\"text-editor.default\">\n\t\t\t\t<div class=\"elementor-widget-container\">\n\t\t\t\t\t\t\t\t\t<p>Fighting for Rock ! c&rsquo;est la musique qui crache une \u00e9nergie animale avec un son \u00e0 l&rsquo;\u00e9tat pur. La disto \u00e0 fond et les zicos ne l\u00e2chent rien jusqu&rsquo;\u00e0 la fin du concert ! Le montage vid\u00e9o ci-dessous provient des photos de mon dernier voyage \u00e0 Bogota.<\/p>\t\t\t\t\t\t\t\t<\/div>\n\t\t\t\t<\/div>\n\t\t\t\t\t<\/div>\n\t\t<\/div>\n\t\t\t\t\t<\/div>\n\t\t<\/section>\n\t\t\t\t<div class=\"elementor-element elementor-element-497eeec elementor-widget elementor-widget-image\" data-id=\"497eeec\" data-element_type=\"widget\" data-e-type=\"widget\" data-widget_type=\"image.default\">\n\t\t\t\t<div class=\"elementor-widget-container\">\n\t\t\t\t\t\t\t\t\t\t\t\t\t\t\t<img decoding=\"async\" width=\"525\" height=\"394\" src=\"https:\/\/yanntrebaol.fr\/musicien\/wp-content\/uploads\/2020\/12\/34-1024x768.jpg\" class=\"attachment-large size-large wp-image-432\" alt=\"\" srcset=\"https:\/\/yanntrebaol.fr\/musicien\/wp-content\/uploads\/2020\/12\/34-1024x768.jpg 1024w, https:\/\/yanntrebaol.fr\/musicien\/wp-content\/uploads\/2020\/12\/34-300x225.jpg 300w, https:\/\/yanntrebaol.fr\/musicien\/wp-content\/uploads\/2020\/12\/34-768x576.jpg 768w, https:\/\/yanntrebaol.fr\/musicien\/wp-content\/uploads\/2020\/12\/34-1536x1152.jpg 1536w, https:\/\/yanntrebaol.fr\/musicien\/wp-content\/uploads\/2020\/12\/34-2048x1536.jpg 2048w\" sizes=\"100vw\" \/>\t\t\t\t\t\t\t\t\t\t\t\t\t\t\t<\/div>\n\t\t\t\t<\/div>\n\t\t\t\t\t<\/div>\n\t\t<\/div>\n\t\t\t\t\t<\/div>\n\t\t<\/section>\n\t\t\t\t<section class=\"elementor-section elementor-top-section elementor-element elementor-element-3219067 elementor-section-boxed elementor-section-height-default elementor-section-height-default\" data-id=\"3219067\" data-element_type=\"section\" data-e-type=\"section\">\n\t\t\t\t\t\t<div class=\"elementor-container elementor-column-gap-default\">\n\t\t\t\t\t<div class=\"elementor-column elementor-col-100 elementor-top-column elementor-element elementor-element-96b6e41\" data-id=\"96b6e41\" data-element_type=\"column\" data-e-type=\"column\">\n\t\t\t<div class=\"elementor-widget-wrap elementor-element-populated\">\n\t\t\t\t\t\t<div class=\"elementor-element elementor-element-ffc320b elementor-widget elementor-widget-video\" data-id=\"ffc320b\" data-element_type=\"widget\" data-e-type=\"widget\" data-settings=\"{&quot;video_type&quot;:&quot;hosted&quot;,&quot;controls&quot;:&quot;yes&quot;}\" data-widget_type=\"video.default\">\n\t\t\t\t<div class=\"elementor-widget-container\">\n\t\t\t\t\t\t\t<div class=\"e-hosted-video elementor-wrapper elementor-open-inline\">\n\t\t\t\t\t<video class=\"elementor-video\" src=\"http:\/\/yanntrebaol.fr\/musicien\/wp-content\/uploads\/2020\/12\/FFR-Street-art-en-Colombie.mp4\" controls=\"\" preload=\"metadata\" controlsList=\"nodownload\"><\/video>\n\t\t\t\t<\/div>\n\t\t\t\t\t\t<\/div>\n\t\t\t\t<\/div>\n\t\t\t\t\t<\/div>\n\t\t<\/div>\n\t\t\t\t\t<\/div>\n\t\t<\/section>\n\t\t\t\t<section class=\"elementor-section elementor-top-section elementor-element elementor-element-62ffd07 elementor-section-boxed elementor-section-height-default elementor-section-height-default\" data-id=\"62ffd07\" data-element_type=\"section\" data-e-type=\"section\">\n\t\t\t\t\t\t<div class=\"elementor-container elementor-column-gap-default\">\n\t\t\t\t\t<div class=\"elementor-column elementor-col-100 elementor-top-column elementor-element elementor-element-f126d25\" data-id=\"f126d25\" data-element_type=\"column\" data-e-type=\"column\">\n\t\t\t<div class=\"elementor-widget-wrap elementor-element-populated\">\n\t\t\t\t\t\t<div class=\"elementor-element elementor-element-3055d74 elementor-widget elementor-widget-image\" data-id=\"3055d74\" data-element_type=\"widget\" data-e-type=\"widget\" data-widget_type=\"image.default\">\n\t\t\t\t<div class=\"elementor-widget-container\">\n\t\t\t\t\t\t\t\t\t\t\t\t\t\t\t<img decoding=\"async\" width=\"525\" height=\"394\" src=\"https:\/\/yanntrebaol.fr\/musicien\/wp-content\/uploads\/2020\/12\/22-1024x768.jpg\" class=\"attachment-large size-large wp-image-426\" alt=\"\" srcset=\"https:\/\/yanntrebaol.fr\/musicien\/wp-content\/uploads\/2020\/12\/22-1024x768.jpg 1024w, https:\/\/yanntrebaol.fr\/musicien\/wp-content\/uploads\/2020\/12\/22-300x225.jpg 300w, https:\/\/yanntrebaol.fr\/musicien\/wp-content\/uploads\/2020\/12\/22-768x576.jpg 768w, https:\/\/yanntrebaol.fr\/musicien\/wp-content\/uploads\/2020\/12\/22-1536x1152.jpg 1536w, https:\/\/yanntrebaol.fr\/musicien\/wp-content\/uploads\/2020\/12\/22-2048x1536.jpg 2048w\" sizes=\"100vw\" \/>\t\t\t\t\t\t\t\t\t\t\t\t\t\t\t<\/div>\n\t\t\t\t<\/div>\n\t\t\t\t\t<\/div>\n\t\t<\/div>\n\t\t\t\t\t<\/div>\n\t\t<\/section>\n\t\t\t\t<section class=\"elementor-section elementor-top-section elementor-element elementor-element-1bc3c70 elementor-section-boxed elementor-section-height-default elementor-section-height-default\" data-id=\"1bc3c70\" data-element_type=\"section\" data-e-type=\"section\">\n\t\t\t\t\t\t<div class=\"elementor-container elementor-column-gap-default\">\n\t\t\t\t\t<div class=\"elementor-column elementor-col-100 elementor-top-column elementor-element elementor-element-a308f70\" data-id=\"a308f70\" data-element_type=\"column\" data-e-type=\"column\">\n\t\t\t<div class=\"elementor-widget-wrap elementor-element-populated\">\n\t\t\t\t\t\t<div class=\"elementor-element elementor-element-51bac7d elementor-widget elementor-widget-text-editor\" data-id=\"51bac7d\" data-element_type=\"widget\" data-e-type=\"widget\" data-widget_type=\"text-editor.default\">\n\t\t\t\t<div class=\"elementor-widget-container\">\n\t\t\t\t\t\t\t\t\t<p>Quelques petites anecdotes personnelles sur Bogota qui, perch\u00e9e \u00e0 2600 m\u00e8tres d&rsquo;altitude, est la capitale du Street-art en Am\u00e9rique du sud.<\/p><p>Lors de la visite du march\u00e9 aux fleurs de la ville, exub\u00e9rant de couleurs et de parfums, un homme s&rsquo;est approch\u00e9 de moi et m&rsquo;a pris la main (pour me la serrer, version \u00ab\u00a0poign\u00e9e de main\u00a0\u00bb bien secou\u00e9e) et s&rsquo;est mis \u00e0 me parler en espagnol, langue que je ne parle pas&#8230; Au final, apr\u00e8s traduction, il me remerciait de venir dans son pays et il regrettait que les m\u00e9dias du monde entier ne parlent de sa ville que pour \u00e9voquer la drogue. Sans parler de la violence et de la mis\u00e8re qui vont avec.\u00a0<\/p>\t\t\t\t\t\t\t\t<\/div>\n\t\t\t\t<\/div>\n\t\t\t\t\t<\/div>\n\t\t<\/div>\n\t\t\t\t\t<\/div>\n\t\t<\/section>\n\t\t\t\t<section class=\"elementor-section elementor-top-section elementor-element elementor-element-a7cf48d elementor-section-boxed elementor-section-height-default elementor-section-height-default\" data-id=\"a7cf48d\" data-element_type=\"section\" data-e-type=\"section\">\n\t\t\t\t\t\t<div class=\"elementor-container elementor-column-gap-default\">\n\t\t\t\t\t<div class=\"elementor-column elementor-col-100 elementor-top-column elementor-element elementor-element-8b88d9c\" data-id=\"8b88d9c\" data-element_type=\"column\" data-e-type=\"column\">\n\t\t\t<div class=\"elementor-widget-wrap elementor-element-populated\">\n\t\t\t\t\t\t<div class=\"elementor-element elementor-element-4c3ebac elementor-widget elementor-widget-image\" data-id=\"4c3ebac\" data-element_type=\"widget\" data-e-type=\"widget\" data-widget_type=\"image.default\">\n\t\t\t\t<div class=\"elementor-widget-container\">\n\t\t\t\t\t\t\t\t\t\t\t\t\t\t\t<img loading=\"lazy\" decoding=\"async\" width=\"525\" height=\"700\" src=\"https:\/\/yanntrebaol.fr\/musicien\/wp-content\/uploads\/2020\/12\/24-768x1024.jpg\" class=\"attachment-large size-large wp-image-427\" alt=\"\" srcset=\"https:\/\/yanntrebaol.fr\/musicien\/wp-content\/uploads\/2020\/12\/24-768x1024.jpg 768w, https:\/\/yanntrebaol.fr\/musicien\/wp-content\/uploads\/2020\/12\/24-225x300.jpg 225w, https:\/\/yanntrebaol.fr\/musicien\/wp-content\/uploads\/2020\/12\/24-1152x1536.jpg 1152w, https:\/\/yanntrebaol.fr\/musicien\/wp-content\/uploads\/2020\/12\/24-1536x2048.jpg 1536w, https:\/\/yanntrebaol.fr\/musicien\/wp-content\/uploads\/2020\/12\/24-scaled.jpg 1920w\" sizes=\"100vw\" \/>\t\t\t\t\t\t\t\t\t\t\t\t\t\t\t<\/div>\n\t\t\t\t<\/div>\n\t\t\t\t\t<\/div>\n\t\t<\/div>\n\t\t\t\t\t<\/div>\n\t\t<\/section>\n\t\t\t\t<section class=\"elementor-section elementor-top-section elementor-element elementor-element-2e87b7b elementor-section-boxed elementor-section-height-default elementor-section-height-default\" data-id=\"2e87b7b\" data-element_type=\"section\" data-e-type=\"section\">\n\t\t\t\t\t\t<div class=\"elementor-container elementor-column-gap-default\">\n\t\t\t\t\t<div class=\"elementor-column elementor-col-100 elementor-top-column elementor-element elementor-element-d4c8135\" data-id=\"d4c8135\" data-element_type=\"column\" data-e-type=\"column\">\n\t\t\t<div class=\"elementor-widget-wrap elementor-element-populated\">\n\t\t\t\t\t\t<div class=\"elementor-element elementor-element-de2c064 elementor-widget elementor-widget-text-editor\" data-id=\"de2c064\" data-element_type=\"widget\" data-e-type=\"widget\" data-widget_type=\"text-editor.default\">\n\t\t\t\t<div class=\"elementor-widget-container\">\n\t\t\t\t\t\t\t\t\t<p>Nous sommes all\u00e9s d\u00eener dans un restaurant du centre ville, 800 couverts \u00e9tal\u00e9s sur quelque chose comme six \u00e9tages magnifiquement d\u00e9cor\u00e9s. Comment d\u00e9crire les lieux et l&rsquo;ambiance incroyable de f\u00eate qui r\u00e9gnait \u00e0 l&rsquo;int\u00e9rieur. Essayez de vous imaginer, au rez-de-chauss\u00e9e un groupe de Salsa d&rsquo;environ dix musiciens qui balancent des rythmes endiabl\u00e9s et des dizaines de serveurs, plus souriants les uns que les autres, charg\u00e9s de plateaux couverts de victuailles, qui d\u00e9ambulent \u00e0 vive allure entre les diff\u00e9rents \u00e9tages. A chaque niveau, un bar central qui alimente en boisson toutes les tables de l&rsquo;\u00e9tage! Vous dansez d\u00e8s votre arriv\u00e9e au restaurant, \u00e0 votre table ou au comptoir. Bref, ambiance \u00ab\u00a0sauce piment\u00e9e\u00a0\u00bb \u00e0 tous les niveaux ! Le guide qui nous accompagnait nous a d\u00e9crit un \u00ab\u00a0restaurante\u00a0\u00bb encore plus incroyable \u00e0 m\u00eame pas une heure de Bogota : 3000 couverts avec trois sc\u00e8nes pour que les groupes de Salsa puissent faire chauffer la salle. D&rsquo;apr\u00e8s lui, il \u00e9tait bien plus beau que celui-ci et ne d\u00e9semplissait pas.\u00a0<\/p><p>Lorsque j&rsquo;ai vu cette jeunesse colombienne en \u00e9bullition, faisant la f\u00eate, sourire aux l\u00e8vres, portable \u00e0 la main, un soir de semaine, je n&rsquo;ai pas pu m&#8217;emp\u00eacher de penser qu&rsquo;en France, nous faisions vraiment partie du Vieux Continent. Ce n&rsquo;est pas p\u00e9joratif de le dire et de le penser. Cela ne nous enl\u00e8ve rien. Mais il faut admettre que cette \u00e9nergie vitale, qui vient de cette jeunesse qui semble heureuse de vivre, nous ne la ressentons pas aussi fortement chez nous.<\/p>\t\t\t\t\t\t\t\t<\/div>\n\t\t\t\t<\/div>\n\t\t\t\t\t<\/div>\n\t\t<\/div>\n\t\t\t\t\t<\/div>\n\t\t<\/section>\n\t\t\t\t<section class=\"elementor-section elementor-top-section elementor-element elementor-element-eeb2a9b elementor-section-boxed elementor-section-height-default elementor-section-height-default\" data-id=\"eeb2a9b\" data-element_type=\"section\" data-e-type=\"section\">\n\t\t\t\t\t\t<div class=\"elementor-container elementor-column-gap-default\">\n\t\t\t\t\t<div class=\"elementor-column elementor-col-100 elementor-top-column elementor-element elementor-element-e915c87\" data-id=\"e915c87\" data-element_type=\"column\" data-e-type=\"column\">\n\t\t\t<div class=\"elementor-widget-wrap elementor-element-populated\">\n\t\t\t\t\t\t<div class=\"elementor-element elementor-element-414f068 elementor-widget elementor-widget-image\" data-id=\"414f068\" data-element_type=\"widget\" data-e-type=\"widget\" data-widget_type=\"image.default\">\n\t\t\t\t<div class=\"elementor-widget-container\">\n\t\t\t\t\t\t\t\t\t\t\t\t\t\t\t<img loading=\"lazy\" decoding=\"async\" width=\"525\" height=\"700\" src=\"https:\/\/yanntrebaol.fr\/musicien\/wp-content\/uploads\/2020\/12\/6-1.jpg\" class=\"attachment-large size-large wp-image-428\" alt=\"\" srcset=\"https:\/\/yanntrebaol.fr\/musicien\/wp-content\/uploads\/2020\/12\/6-1.jpg 768w, https:\/\/yanntrebaol.fr\/musicien\/wp-content\/uploads\/2020\/12\/6-1-225x300.jpg 225w\" sizes=\"100vw\" \/>\t\t\t\t\t\t\t\t\t\t\t\t\t\t\t<\/div>\n\t\t\t\t<\/div>\n\t\t\t\t\t<\/div>\n\t\t<\/div>\n\t\t\t\t\t<\/div>\n\t\t<\/section>\n\t\t\t\t<section class=\"elementor-section elementor-top-section elementor-element elementor-element-99ed982 elementor-section-boxed elementor-section-height-default elementor-section-height-default\" data-id=\"99ed982\" data-element_type=\"section\" data-e-type=\"section\">\n\t\t\t\t\t\t<div class=\"elementor-container elementor-column-gap-default\">\n\t\t\t\t\t<div class=\"elementor-column elementor-col-100 elementor-top-column elementor-element elementor-element-14a2c2a\" data-id=\"14a2c2a\" data-element_type=\"column\" data-e-type=\"column\">\n\t\t\t<div class=\"elementor-widget-wrap elementor-element-populated\">\n\t\t\t\t\t\t<div class=\"elementor-element elementor-element-49e0bd8 elementor-widget elementor-widget-text-editor\" data-id=\"49e0bd8\" data-element_type=\"widget\" data-e-type=\"widget\" data-widget_type=\"text-editor.default\">\n\t\t\t\t<div class=\"elementor-widget-container\">\n\t\t\t\t\t\t\t\t\t<p>Un dernier clin d&rsquo;\u0153il\u00a0 \u00e0 propos de Bogota. Le mus\u00e9e de son artiste internationalement reconnu, Fernando Botero, est gratuit pour le peuple colombien !\u00a0 L&rsquo;artiste a fait don de ses \u0153uvres \u00e0 son pays \u00e0 cette condition. Voil\u00e0 une id\u00e9e qui pourrait \u00eatre reprise chez nous\u2026<\/p>\t\t\t\t\t\t\t\t<\/div>\n\t\t\t\t<\/div>\n\t\t\t\t\t<\/div>\n\t\t<\/div>\n\t\t\t\t\t<\/div>\n\t\t<\/section>\n\t\t\t\t<section class=\"elementor-section elementor-top-section elementor-element elementor-element-6086187 elementor-section-boxed elementor-section-height-default elementor-section-height-default\" data-id=\"6086187\" data-element_type=\"section\" data-e-type=\"section\">\n\t\t\t\t\t\t<div class=\"elementor-container elementor-column-gap-default\">\n\t\t\t\t\t<div class=\"elementor-column elementor-col-100 elementor-top-column elementor-element elementor-element-144c0c7\" data-id=\"144c0c7\" data-element_type=\"column\" data-e-type=\"column\">\n\t\t\t<div class=\"elementor-widget-wrap elementor-element-populated\">\n\t\t\t\t\t\t<div class=\"elementor-element elementor-element-dc6f435 elementor-widget elementor-widget-image\" data-id=\"dc6f435\" data-element_type=\"widget\" data-e-type=\"widget\" data-widget_type=\"image.default\">\n\t\t\t\t<div class=\"elementor-widget-container\">\n\t\t\t\t\t\t\t\t\t\t\t\t<figure class=\"wp-caption\">\n\t\t\t\t\t\t\t\t\t\t<img loading=\"lazy\" decoding=\"async\" width=\"525\" height=\"348\" src=\"https:\/\/yanntrebaol.fr\/musicien\/wp-content\/uploads\/2020\/12\/medellin-2429413_1920-1024x678.jpg\" class=\"attachment-large size-large wp-image-442\" alt=\"\" srcset=\"https:\/\/yanntrebaol.fr\/musicien\/wp-content\/uploads\/2020\/12\/medellin-2429413_1920-1024x678.jpg 1024w, https:\/\/yanntrebaol.fr\/musicien\/wp-content\/uploads\/2020\/12\/medellin-2429413_1920-300x199.jpg 300w, https:\/\/yanntrebaol.fr\/musicien\/wp-content\/uploads\/2020\/12\/medellin-2429413_1920-768x508.jpg 768w, https:\/\/yanntrebaol.fr\/musicien\/wp-content\/uploads\/2020\/12\/medellin-2429413_1920-1536x1017.jpg 1536w, https:\/\/yanntrebaol.fr\/musicien\/wp-content\/uploads\/2020\/12\/medellin-2429413_1920.jpg 1920w\" sizes=\"100vw\" \/>\t\t\t\t\t\t\t\t\t\t\t<figcaption class=\"widget-image-caption wp-caption-text\">Image par <a href=\"https:\/\/pixabay.com\/fr\/users\/usa-reiseblogger-328188\/?utm_source=link-attribution&amp;utm_medium=referral&amp;utm_campaign=image&amp;utm_content=2429413\">USA-Reiseblogger<\/a> de <a href=\"https:\/\/pixabay.com\/fr\/?utm_source=link-attribution&amp;utm_medium=referral&amp;utm_campaign=image&amp;utm_content=2429413\">Pixabay<\/a><\/figcaption>\n\t\t\t\t\t\t\t\t\t\t<\/figure>\n\t\t\t\t\t\t\t\t\t<\/div>\n\t\t\t\t<\/div>\n\t\t\t\t\t<\/div>\n\t\t<\/div>\n\t\t\t\t\t<\/div>\n\t\t<\/section>\n\t\t\t\t<section class=\"elementor-section elementor-top-section elementor-element elementor-element-a216fed elementor-section-boxed elementor-section-height-default elementor-section-height-default\" data-id=\"a216fed\" data-element_type=\"section\" data-e-type=\"section\">\n\t\t\t\t\t\t<div class=\"elementor-container elementor-column-gap-default\">\n\t\t\t\t\t<div class=\"elementor-column elementor-col-100 elementor-top-column elementor-element elementor-element-69e5bf3\" data-id=\"69e5bf3\" data-element_type=\"column\" data-e-type=\"column\">\n\t\t\t<div class=\"elementor-widget-wrap elementor-element-populated\">\n\t\t\t\t\t\t<div class=\"elementor-element elementor-element-d4bc663 elementor-widget elementor-widget-image\" data-id=\"d4bc663\" data-element_type=\"widget\" data-e-type=\"widget\" data-widget_type=\"image.default\">\n\t\t\t\t<div class=\"elementor-widget-container\">\n\t\t\t\t\t\t\t\t\t\t\t\t<figure class=\"wp-caption\">\n\t\t\t\t\t\t\t\t\t\t<img loading=\"lazy\" decoding=\"async\" width=\"525\" height=\"394\" src=\"https:\/\/yanntrebaol.fr\/musicien\/wp-content\/uploads\/2020\/12\/medellin-182336_1920-1024x768.jpg\" class=\"attachment-large size-large wp-image-443\" alt=\"\" srcset=\"https:\/\/yanntrebaol.fr\/musicien\/wp-content\/uploads\/2020\/12\/medellin-182336_1920-1024x768.jpg 1024w, https:\/\/yanntrebaol.fr\/musicien\/wp-content\/uploads\/2020\/12\/medellin-182336_1920-300x225.jpg 300w, https:\/\/yanntrebaol.fr\/musicien\/wp-content\/uploads\/2020\/12\/medellin-182336_1920-768x576.jpg 768w, https:\/\/yanntrebaol.fr\/musicien\/wp-content\/uploads\/2020\/12\/medellin-182336_1920-1536x1152.jpg 1536w, https:\/\/yanntrebaol.fr\/musicien\/wp-content\/uploads\/2020\/12\/medellin-182336_1920.jpg 1920w\" sizes=\"100vw\" \/>\t\t\t\t\t\t\t\t\t\t\t<figcaption class=\"widget-image-caption wp-caption-text\">Image par <a href=\"https:\/\/pixabay.com\/fr\/users\/julianza-51829\/?utm_source=link-attribution&amp;utm_medium=referral&amp;utm_campaign=image&amp;utm_content=182336\">julian zapata<\/a> de <a href=\"https:\/\/pixabay.com\/fr\/?utm_source=link-attribution&amp;utm_medium=referral&amp;utm_campaign=image&amp;utm_content=182336\">Pixabay<\/a><\/figcaption>\n\t\t\t\t\t\t\t\t\t\t<\/figure>\n\t\t\t\t\t\t\t\t\t<\/div>\n\t\t\t\t<\/div>\n\t\t\t\t\t<\/div>\n\t\t<\/div>\n\t\t\t\t\t<\/div>\n\t\t<\/section>\n\t\t\t\t<\/div>\n\t\t","protected":false},"excerpt":{"rendered":"<p>Fighting for Rock ! c&rsquo;est la musique qui crache une \u00e9nergie animale avec un son \u00e0 l&rsquo;\u00e9tat pur. La disto \u00e0 fond et les zicos ne l\u00e2chent rien jusqu&rsquo;\u00e0 la fin du concert ! Le montage vid\u00e9o ci-dessous provient des photos de mon dernier voyage \u00e0 Bogota. http:\/\/yanntrebaol.fr\/musicien\/wp-content\/uploads\/2020\/12\/FFR-Street-art-en-Colombie.mp4 Quelques petites anecdotes personnelles sur Bogota qui, &hellip; <\/p>\n<p class=\"link-more\"><a href=\"https:\/\/yanntrebaol.fr\/musicien\/index.php\/2020\/12\/05\/fighting-for-rock\/\" class=\"more-link\">Continuer la lecture<span class=\"screen-reader-text\"> de &laquo;&nbsp;FIGHTING FOR ROCK !&nbsp;&raquo;<\/span><\/a><\/p>\n","protected":false},"author":1,"featured_media":0,"comment_status":"open","ping_status":"open","sticky":false,"template":"","format":"standard","meta":{"footnotes":""},"categories":[6],"tags":[],"class_list":["post-373","post","type-post","status-publish","format-standard","hentry","category-morceaux-groupe-b-59-pure-rock"],"yoast_head":"<!-- This site is optimized with the Yoast SEO plugin v27.5 - https:\/\/yoast.com\/product\/yoast-seo-wordpress\/ -->\n<title>FIGHTING FOR ROCK ! - Yann TREBAOL - MUSICIEN<\/title>\n<meta name=\"robots\" content=\"index, follow, max-snippet:-1, max-image-preview:large, max-video-preview:-1\" \/>\n<link rel=\"canonical\" href=\"https:\/\/yanntrebaol.fr\/musicien\/index.php\/2020\/12\/05\/fighting-for-rock\/\" \/>\n<meta property=\"og:locale\" content=\"fr_FR\" \/>\n<meta property=\"og:type\" content=\"article\" \/>\n<meta property=\"og:title\" content=\"FIGHTING FOR ROCK ! - Yann TREBAOL - MUSICIEN\" \/>\n<meta property=\"og:description\" content=\"Fighting for Rock ! c&rsquo;est la musique qui crache une \u00e9nergie animale avec un son \u00e0 l&rsquo;\u00e9tat pur. La disto \u00e0 fond et les zicos ne l\u00e2chent rien jusqu&rsquo;\u00e0 la fin du concert ! Le montage vid\u00e9o ci-dessous provient des photos de mon dernier voyage \u00e0 Bogota. http:\/\/yanntrebaol.fr\/musicien\/wp-content\/uploads\/2020\/12\/FFR-Street-art-en-Colombie.mp4 Quelques petites anecdotes personnelles sur Bogota qui, &hellip; Continuer la lecture de &laquo;&nbsp;FIGHTING FOR ROCK !&nbsp;&raquo;\" \/>\n<meta property=\"og:url\" content=\"https:\/\/yanntrebaol.fr\/musicien\/index.php\/2020\/12\/05\/fighting-for-rock\/\" \/>\n<meta property=\"og:site_name\" content=\"Yann TREBAOL - MUSICIEN\" \/>\n<meta property=\"article:published_time\" content=\"2020-12-05T13:24:40+00:00\" \/>\n<meta property=\"article:modified_time\" content=\"2020-12-08T17:53:08+00:00\" \/>\n<meta property=\"og:image\" content=\"http:\/\/yanntrebaol.fr\/musicien\/wp-content\/uploads\/2020\/12\/3-1024x768.jpg\" \/>\n<meta name=\"author\" content=\"Yann\" \/>\n<meta name=\"twitter:card\" content=\"summary_large_image\" \/>\n<meta name=\"twitter:label1\" content=\"\u00c9crit par\" \/>\n\t<meta name=\"twitter:data1\" content=\"Yann\" \/>\n\t<meta name=\"twitter:label2\" content=\"Dur\u00e9e de lecture estim\u00e9e\" \/>\n\t<meta name=\"twitter:data2\" content=\"2 minutes\" \/>\n<script type=\"application\/ld+json\" class=\"yoast-schema-graph\">{\"@context\":\"https:\\\/\\\/schema.org\",\"@graph\":[{\"@type\":\"Article\",\"@id\":\"https:\\\/\\\/yanntrebaol.fr\\\/musicien\\\/index.php\\\/2020\\\/12\\\/05\\\/fighting-for-rock\\\/#article\",\"isPartOf\":{\"@id\":\"https:\\\/\\\/yanntrebaol.fr\\\/musicien\\\/index.php\\\/2020\\\/12\\\/05\\\/fighting-for-rock\\\/\"},\"author\":{\"name\":\"Yann\",\"@id\":\"https:\\\/\\\/yanntrebaol.fr\\\/musicien\\\/#\\\/schema\\\/person\\\/805895487f3cd62dcafdd1551e20d2fc\"},\"headline\":\"FIGHTING FOR ROCK !\",\"datePublished\":\"2020-12-05T13:24:40+00:00\",\"dateModified\":\"2020-12-08T17:53:08+00:00\",\"mainEntityOfPage\":{\"@id\":\"https:\\\/\\\/yanntrebaol.fr\\\/musicien\\\/index.php\\\/2020\\\/12\\\/05\\\/fighting-for-rock\\\/\"},\"wordCount\":499,\"commentCount\":0,\"image\":{\"@id\":\"https:\\\/\\\/yanntrebaol.fr\\\/musicien\\\/index.php\\\/2020\\\/12\\\/05\\\/fighting-for-rock\\\/#primaryimage\"},\"thumbnailUrl\":\"http:\\\/\\\/yanntrebaol.fr\\\/musicien\\\/wp-content\\\/uploads\\\/2020\\\/12\\\/3-1024x768.jpg\",\"articleSection\":[\"MORCEAUX B 59 PURE ROCK !\"],\"inLanguage\":\"fr-FR\",\"potentialAction\":[{\"@type\":\"CommentAction\",\"name\":\"Comment\",\"target\":[\"https:\\\/\\\/yanntrebaol.fr\\\/musicien\\\/index.php\\\/2020\\\/12\\\/05\\\/fighting-for-rock\\\/#respond\"]}]},{\"@type\":\"WebPage\",\"@id\":\"https:\\\/\\\/yanntrebaol.fr\\\/musicien\\\/index.php\\\/2020\\\/12\\\/05\\\/fighting-for-rock\\\/\",\"url\":\"https:\\\/\\\/yanntrebaol.fr\\\/musicien\\\/index.php\\\/2020\\\/12\\\/05\\\/fighting-for-rock\\\/\",\"name\":\"FIGHTING FOR ROCK ! - Yann TREBAOL - MUSICIEN\",\"isPartOf\":{\"@id\":\"https:\\\/\\\/yanntrebaol.fr\\\/musicien\\\/#website\"},\"primaryImageOfPage\":{\"@id\":\"https:\\\/\\\/yanntrebaol.fr\\\/musicien\\\/index.php\\\/2020\\\/12\\\/05\\\/fighting-for-rock\\\/#primaryimage\"},\"image\":{\"@id\":\"https:\\\/\\\/yanntrebaol.fr\\\/musicien\\\/index.php\\\/2020\\\/12\\\/05\\\/fighting-for-rock\\\/#primaryimage\"},\"thumbnailUrl\":\"http:\\\/\\\/yanntrebaol.fr\\\/musicien\\\/wp-content\\\/uploads\\\/2020\\\/12\\\/3-1024x768.jpg\",\"datePublished\":\"2020-12-05T13:24:40+00:00\",\"dateModified\":\"2020-12-08T17:53:08+00:00\",\"author\":{\"@id\":\"https:\\\/\\\/yanntrebaol.fr\\\/musicien\\\/#\\\/schema\\\/person\\\/805895487f3cd62dcafdd1551e20d2fc\"},\"breadcrumb\":{\"@id\":\"https:\\\/\\\/yanntrebaol.fr\\\/musicien\\\/index.php\\\/2020\\\/12\\\/05\\\/fighting-for-rock\\\/#breadcrumb\"},\"inLanguage\":\"fr-FR\",\"potentialAction\":[{\"@type\":\"ReadAction\",\"target\":[\"https:\\\/\\\/yanntrebaol.fr\\\/musicien\\\/index.php\\\/2020\\\/12\\\/05\\\/fighting-for-rock\\\/\"]}]},{\"@type\":\"ImageObject\",\"inLanguage\":\"fr-FR\",\"@id\":\"https:\\\/\\\/yanntrebaol.fr\\\/musicien\\\/index.php\\\/2020\\\/12\\\/05\\\/fighting-for-rock\\\/#primaryimage\",\"url\":\"http:\\\/\\\/yanntrebaol.fr\\\/musicien\\\/wp-content\\\/uploads\\\/2020\\\/12\\\/3-1024x768.jpg\",\"contentUrl\":\"http:\\\/\\\/yanntrebaol.fr\\\/musicien\\\/wp-content\\\/uploads\\\/2020\\\/12\\\/3-1024x768.jpg\"},{\"@type\":\"BreadcrumbList\",\"@id\":\"https:\\\/\\\/yanntrebaol.fr\\\/musicien\\\/index.php\\\/2020\\\/12\\\/05\\\/fighting-for-rock\\\/#breadcrumb\",\"itemListElement\":[{\"@type\":\"ListItem\",\"position\":1,\"name\":\"Accueil\",\"item\":\"https:\\\/\\\/yanntrebaol.fr\\\/musicien\\\/\"},{\"@type\":\"ListItem\",\"position\":2,\"name\":\"FIGHTING FOR ROCK !\"}]},{\"@type\":\"WebSite\",\"@id\":\"https:\\\/\\\/yanntrebaol.fr\\\/musicien\\\/#website\",\"url\":\"https:\\\/\\\/yanntrebaol.fr\\\/musicien\\\/\",\"name\":\"Yann TREBAOL - MUSICIEN\",\"description\":\"Un Blog de partage amical de la musique\",\"potentialAction\":[{\"@type\":\"SearchAction\",\"target\":{\"@type\":\"EntryPoint\",\"urlTemplate\":\"https:\\\/\\\/yanntrebaol.fr\\\/musicien\\\/?s={search_term_string}\"},\"query-input\":{\"@type\":\"PropertyValueSpecification\",\"valueRequired\":true,\"valueName\":\"search_term_string\"}}],\"inLanguage\":\"fr-FR\"},{\"@type\":\"Person\",\"@id\":\"https:\\\/\\\/yanntrebaol.fr\\\/musicien\\\/#\\\/schema\\\/person\\\/805895487f3cd62dcafdd1551e20d2fc\",\"name\":\"Yann\",\"image\":{\"@type\":\"ImageObject\",\"inLanguage\":\"fr-FR\",\"@id\":\"https:\\\/\\\/secure.gravatar.com\\\/avatar\\\/15aa617c5f367f3101695d4b3e0714fb56604e72a9127a06f0687bb13863c8bc?s=96&d=mm&r=g\",\"url\":\"https:\\\/\\\/secure.gravatar.com\\\/avatar\\\/15aa617c5f367f3101695d4b3e0714fb56604e72a9127a06f0687bb13863c8bc?s=96&d=mm&r=g\",\"contentUrl\":\"https:\\\/\\\/secure.gravatar.com\\\/avatar\\\/15aa617c5f367f3101695d4b3e0714fb56604e72a9127a06f0687bb13863c8bc?s=96&d=mm&r=g\",\"caption\":\"Yann\"},\"sameAs\":[\"http:\\\/\\\/195.154.112.22\\\/musicien\"],\"url\":\"https:\\\/\\\/yanntrebaol.fr\\\/musicien\\\/index.php\\\/author\\\/wproot\\\/\"}]}<\/script>\n<!-- \/ Yoast SEO plugin. -->","yoast_head_json":{"title":"FIGHTING FOR ROCK ! - Yann TREBAOL - MUSICIEN","robots":{"index":"index","follow":"follow","max-snippet":"max-snippet:-1","max-image-preview":"max-image-preview:large","max-video-preview":"max-video-preview:-1"},"canonical":"https:\/\/yanntrebaol.fr\/musicien\/index.php\/2020\/12\/05\/fighting-for-rock\/","og_locale":"fr_FR","og_type":"article","og_title":"FIGHTING FOR ROCK ! - Yann TREBAOL - MUSICIEN","og_description":"Fighting for Rock ! c&rsquo;est la musique qui crache une \u00e9nergie animale avec un son \u00e0 l&rsquo;\u00e9tat pur. La disto \u00e0 fond et les zicos ne l\u00e2chent rien jusqu&rsquo;\u00e0 la fin du concert ! Le montage vid\u00e9o ci-dessous provient des photos de mon dernier voyage \u00e0 Bogota. http:\/\/yanntrebaol.fr\/musicien\/wp-content\/uploads\/2020\/12\/FFR-Street-art-en-Colombie.mp4 Quelques petites anecdotes personnelles sur Bogota qui, &hellip; Continuer la lecture de &laquo;&nbsp;FIGHTING FOR ROCK !&nbsp;&raquo;","og_url":"https:\/\/yanntrebaol.fr\/musicien\/index.php\/2020\/12\/05\/fighting-for-rock\/","og_site_name":"Yann TREBAOL - MUSICIEN","article_published_time":"2020-12-05T13:24:40+00:00","article_modified_time":"2020-12-08T17:53:08+00:00","og_image":[{"url":"http:\/\/yanntrebaol.fr\/musicien\/wp-content\/uploads\/2020\/12\/3-1024x768.jpg","type":"","width":"","height":""}],"author":"Yann","twitter_card":"summary_large_image","twitter_misc":{"\u00c9crit par":"Yann","Dur\u00e9e de lecture estim\u00e9e":"2 minutes"},"schema":{"@context":"https:\/\/schema.org","@graph":[{"@type":"Article","@id":"https:\/\/yanntrebaol.fr\/musicien\/index.php\/2020\/12\/05\/fighting-for-rock\/#article","isPartOf":{"@id":"https:\/\/yanntrebaol.fr\/musicien\/index.php\/2020\/12\/05\/fighting-for-rock\/"},"author":{"name":"Yann","@id":"https:\/\/yanntrebaol.fr\/musicien\/#\/schema\/person\/805895487f3cd62dcafdd1551e20d2fc"},"headline":"FIGHTING FOR ROCK !","datePublished":"2020-12-05T13:24:40+00:00","dateModified":"2020-12-08T17:53:08+00:00","mainEntityOfPage":{"@id":"https:\/\/yanntrebaol.fr\/musicien\/index.php\/2020\/12\/05\/fighting-for-rock\/"},"wordCount":499,"commentCount":0,"image":{"@id":"https:\/\/yanntrebaol.fr\/musicien\/index.php\/2020\/12\/05\/fighting-for-rock\/#primaryimage"},"thumbnailUrl":"http:\/\/yanntrebaol.fr\/musicien\/wp-content\/uploads\/2020\/12\/3-1024x768.jpg","articleSection":["MORCEAUX B 59 PURE ROCK !"],"inLanguage":"fr-FR","potentialAction":[{"@type":"CommentAction","name":"Comment","target":["https:\/\/yanntrebaol.fr\/musicien\/index.php\/2020\/12\/05\/fighting-for-rock\/#respond"]}]},{"@type":"WebPage","@id":"https:\/\/yanntrebaol.fr\/musicien\/index.php\/2020\/12\/05\/fighting-for-rock\/","url":"https:\/\/yanntrebaol.fr\/musicien\/index.php\/2020\/12\/05\/fighting-for-rock\/","name":"FIGHTING FOR ROCK ! - Yann TREBAOL - MUSICIEN","isPartOf":{"@id":"https:\/\/yanntrebaol.fr\/musicien\/#website"},"primaryImageOfPage":{"@id":"https:\/\/yanntrebaol.fr\/musicien\/index.php\/2020\/12\/05\/fighting-for-rock\/#primaryimage"},"image":{"@id":"https:\/\/yanntrebaol.fr\/musicien\/index.php\/2020\/12\/05\/fighting-for-rock\/#primaryimage"},"thumbnailUrl":"http:\/\/yanntrebaol.fr\/musicien\/wp-content\/uploads\/2020\/12\/3-1024x768.jpg","datePublished":"2020-12-05T13:24:40+00:00","dateModified":"2020-12-08T17:53:08+00:00","author":{"@id":"https:\/\/yanntrebaol.fr\/musicien\/#\/schema\/person\/805895487f3cd62dcafdd1551e20d2fc"},"breadcrumb":{"@id":"https:\/\/yanntrebaol.fr\/musicien\/index.php\/2020\/12\/05\/fighting-for-rock\/#breadcrumb"},"inLanguage":"fr-FR","potentialAction":[{"@type":"ReadAction","target":["https:\/\/yanntrebaol.fr\/musicien\/index.php\/2020\/12\/05\/fighting-for-rock\/"]}]},{"@type":"ImageObject","inLanguage":"fr-FR","@id":"https:\/\/yanntrebaol.fr\/musicien\/index.php\/2020\/12\/05\/fighting-for-rock\/#primaryimage","url":"http:\/\/yanntrebaol.fr\/musicien\/wp-content\/uploads\/2020\/12\/3-1024x768.jpg","contentUrl":"http:\/\/yanntrebaol.fr\/musicien\/wp-content\/uploads\/2020\/12\/3-1024x768.jpg"},{"@type":"BreadcrumbList","@id":"https:\/\/yanntrebaol.fr\/musicien\/index.php\/2020\/12\/05\/fighting-for-rock\/#breadcrumb","itemListElement":[{"@type":"ListItem","position":1,"name":"Accueil","item":"https:\/\/yanntrebaol.fr\/musicien\/"},{"@type":"ListItem","position":2,"name":"FIGHTING FOR ROCK !"}]},{"@type":"WebSite","@id":"https:\/\/yanntrebaol.fr\/musicien\/#website","url":"https:\/\/yanntrebaol.fr\/musicien\/","name":"Yann TREBAOL - MUSICIEN","description":"Un Blog de partage amical de la musique","potentialAction":[{"@type":"SearchAction","target":{"@type":"EntryPoint","urlTemplate":"https:\/\/yanntrebaol.fr\/musicien\/?s={search_term_string}"},"query-input":{"@type":"PropertyValueSpecification","valueRequired":true,"valueName":"search_term_string"}}],"inLanguage":"fr-FR"},{"@type":"Person","@id":"https:\/\/yanntrebaol.fr\/musicien\/#\/schema\/person\/805895487f3cd62dcafdd1551e20d2fc","name":"Yann","image":{"@type":"ImageObject","inLanguage":"fr-FR","@id":"https:\/\/secure.gravatar.com\/avatar\/15aa617c5f367f3101695d4b3e0714fb56604e72a9127a06f0687bb13863c8bc?s=96&d=mm&r=g","url":"https:\/\/secure.gravatar.com\/avatar\/15aa617c5f367f3101695d4b3e0714fb56604e72a9127a06f0687bb13863c8bc?s=96&d=mm&r=g","contentUrl":"https:\/\/secure.gravatar.com\/avatar\/15aa617c5f367f3101695d4b3e0714fb56604e72a9127a06f0687bb13863c8bc?s=96&d=mm&r=g","caption":"Yann"},"sameAs":["http:\/\/195.154.112.22\/musicien"],"url":"https:\/\/yanntrebaol.fr\/musicien\/index.php\/author\/wproot\/"}]}},"_links":{"self":[{"href":"https:\/\/yanntrebaol.fr\/musicien\/index.php\/wp-json\/wp\/v2\/posts\/373","targetHints":{"allow":["GET"]}}],"collection":[{"href":"https:\/\/yanntrebaol.fr\/musicien\/index.php\/wp-json\/wp\/v2\/posts"}],"about":[{"href":"https:\/\/yanntrebaol.fr\/musicien\/index.php\/wp-json\/wp\/v2\/types\/post"}],"author":[{"embeddable":true,"href":"https:\/\/yanntrebaol.fr\/musicien\/index.php\/wp-json\/wp\/v2\/users\/1"}],"replies":[{"embeddable":true,"href":"https:\/\/yanntrebaol.fr\/musicien\/index.php\/wp-json\/wp\/v2\/comments?post=373"}],"version-history":[{"count":13,"href":"https:\/\/yanntrebaol.fr\/musicien\/index.php\/wp-json\/wp\/v2\/posts\/373\/revisions"}],"predecessor-version":[{"id":446,"href":"https:\/\/yanntrebaol.fr\/musicien\/index.php\/wp-json\/wp\/v2\/posts\/373\/revisions\/446"}],"wp:attachment":[{"href":"https:\/\/yanntrebaol.fr\/musicien\/index.php\/wp-json\/wp\/v2\/media?parent=373"}],"wp:term":[{"taxonomy":"category","embeddable":true,"href":"https:\/\/yanntrebaol.fr\/musicien\/index.php\/wp-json\/wp\/v2\/categories?post=373"},{"taxonomy":"post_tag","embeddable":true,"href":"https:\/\/yanntrebaol.fr\/musicien\/index.php\/wp-json\/wp\/v2\/tags?post=373"}],"curies":[{"name":"wp","href":"https:\/\/api.w.org\/{rel}","templated":true}]}}