{"id":384,"date":"2020-12-05T15:37:39","date_gmt":"2020-12-05T14:37:39","guid":{"rendered":"http:\/\/yanntrebaol.fr\/musicien\/?p=384"},"modified":"2020-12-05T15:46:44","modified_gmt":"2020-12-05T14:46:44","slug":"shark-blues","status":"publish","type":"post","link":"https:\/\/yanntrebaol.fr\/musicien\/index.php\/2020\/12\/05\/shark-blues\/","title":{"rendered":"SHARK BLUES"},"content":{"rendered":"\t\t<div data-elementor-type=\"wp-post\" data-elementor-id=\"384\" class=\"elementor elementor-384\">\n\t\t\t\t\t\t<section class=\"elementor-section elementor-top-section elementor-element elementor-element-1af99cd elementor-section-boxed elementor-section-height-default elementor-section-height-default\" data-id=\"1af99cd\" data-element_type=\"section\" data-e-type=\"section\">\n\t\t\t\t\t\t<div class=\"elementor-container elementor-column-gap-default\">\n\t\t\t\t\t<div class=\"elementor-column elementor-col-100 elementor-top-column elementor-element elementor-element-5a6e046\" data-id=\"5a6e046\" data-element_type=\"column\" data-e-type=\"column\">\n\t\t\t<div class=\"elementor-widget-wrap elementor-element-populated\">\n\t\t\t\t\t\t<div class=\"elementor-element elementor-element-d22f552 elementor-widget elementor-widget-image\" data-id=\"d22f552\" data-element_type=\"widget\" data-e-type=\"widget\" data-widget_type=\"image.default\">\n\t\t\t\t<div class=\"elementor-widget-container\">\n\t\t\t\t\t\t\t\t\t\t\t\t\t\t\t<img fetchpriority=\"high\" decoding=\"async\" width=\"525\" height=\"350\" src=\"https:\/\/yanntrebaol.fr\/musicien\/wp-content\/uploads\/2020\/12\/IMG_8082.jpg\" class=\"attachment-large size-large wp-image-386\" alt=\"\" srcset=\"https:\/\/yanntrebaol.fr\/musicien\/wp-content\/uploads\/2020\/12\/IMG_8082.jpg 700w, https:\/\/yanntrebaol.fr\/musicien\/wp-content\/uploads\/2020\/12\/IMG_8082-300x200.jpg 300w\" sizes=\"100vw\" \/>\t\t\t\t\t\t\t\t\t\t\t\t\t\t\t<\/div>\n\t\t\t\t<\/div>\n\t\t\t\t\t<\/div>\n\t\t<\/div>\n\t\t\t\t\t<\/div>\n\t\t<\/section>\n\t\t\t\t<section class=\"elementor-section elementor-top-section elementor-element elementor-element-7c16b97 elementor-section-boxed elementor-section-height-default elementor-section-height-default\" data-id=\"7c16b97\" data-element_type=\"section\" data-e-type=\"section\">\n\t\t\t\t\t\t<div class=\"elementor-container elementor-column-gap-default\">\n\t\t\t\t\t<div class=\"elementor-column elementor-col-100 elementor-top-column elementor-element elementor-element-24e7b5a\" data-id=\"24e7b5a\" data-element_type=\"column\" data-e-type=\"column\">\n\t\t\t<div class=\"elementor-widget-wrap elementor-element-populated\">\n\t\t\t\t\t\t<div class=\"elementor-element elementor-element-858d39b elementor-widget elementor-widget-text-editor\" data-id=\"858d39b\" data-element_type=\"widget\" data-e-type=\"widget\" data-widget_type=\"text-editor.default\">\n\t\t\t\t<div class=\"elementor-widget-container\">\n\t\t\t\t\t\t\t\t\t<p>Le projet Shark-Blues m&rsquo;a tenu particuli\u00e8rement \u00e0 c\u0153ur. Je suis moniteur de plong\u00e9e sous-marine et j&rsquo;ai le plaisir et le privil\u00e8ge de profiter chaque ann\u00e9e de cet univers, dans lequel nous ne sommes que des invit\u00e9s. Je constate au fil des ann\u00e9es une rar\u00e9faction de la faune et de la flore et ce, malgr\u00e9 l&rsquo;investissement des associations de protection de l&rsquo;environnement. De nombreux plongeurs ont r\u00e9pondu \u00e0 mon appel et m&rsquo;ont ,spontan\u00e9ment et amicalement, confi\u00e9 leurs photos pour cr\u00e9er le film que vous pouvez visionner ( sur Youtube et Facebook \u00e9galement sur les sites B 59 Pure Rock ! ).<\/p>\t\t\t\t\t\t\t\t<\/div>\n\t\t\t\t<\/div>\n\t\t\t\t\t<\/div>\n\t\t<\/div>\n\t\t\t\t\t<\/div>\n\t\t<\/section>\n\t\t\t\t<section class=\"elementor-section elementor-top-section elementor-element elementor-element-02d9f34 elementor-section-boxed elementor-section-height-default elementor-section-height-default\" data-id=\"02d9f34\" data-element_type=\"section\" data-e-type=\"section\">\n\t\t\t\t\t\t<div class=\"elementor-container elementor-column-gap-default\">\n\t\t\t\t\t<div class=\"elementor-column elementor-col-100 elementor-top-column elementor-element elementor-element-9f22943\" data-id=\"9f22943\" data-element_type=\"column\" data-e-type=\"column\">\n\t\t\t<div class=\"elementor-widget-wrap elementor-element-populated\">\n\t\t\t\t\t\t<div class=\"elementor-element elementor-element-e09de2f elementor-widget elementor-widget-image\" data-id=\"e09de2f\" data-element_type=\"widget\" data-e-type=\"widget\" data-widget_type=\"image.default\">\n\t\t\t\t<div class=\"elementor-widget-container\">\n\t\t\t\t\t\t\t\t\t\t\t\t\t\t\t<img decoding=\"async\" width=\"525\" height=\"350\" src=\"https:\/\/yanntrebaol.fr\/musicien\/wp-content\/uploads\/2020\/12\/Requins-Patrick-RAGOT-89-1024x683.jpg\" class=\"attachment-large size-large wp-image-387\" alt=\"\" srcset=\"https:\/\/yanntrebaol.fr\/musicien\/wp-content\/uploads\/2020\/12\/Requins-Patrick-RAGOT-89-1024x683.jpg 1024w, https:\/\/yanntrebaol.fr\/musicien\/wp-content\/uploads\/2020\/12\/Requins-Patrick-RAGOT-89-300x200.jpg 300w, https:\/\/yanntrebaol.fr\/musicien\/wp-content\/uploads\/2020\/12\/Requins-Patrick-RAGOT-89-768x512.jpg 768w, https:\/\/yanntrebaol.fr\/musicien\/wp-content\/uploads\/2020\/12\/Requins-Patrick-RAGOT-89-1536x1024.jpg 1536w, https:\/\/yanntrebaol.fr\/musicien\/wp-content\/uploads\/2020\/12\/Requins-Patrick-RAGOT-89-2048x1365.jpg 2048w\" sizes=\"100vw\" \/>\t\t\t\t\t\t\t\t\t\t\t\t\t\t\t<\/div>\n\t\t\t\t<\/div>\n\t\t\t\t\t<\/div>\n\t\t<\/div>\n\t\t\t\t\t<\/div>\n\t\t<\/section>\n\t\t\t\t<section class=\"elementor-section elementor-top-section elementor-element elementor-element-a90e25f elementor-section-boxed elementor-section-height-default elementor-section-height-default\" data-id=\"a90e25f\" data-element_type=\"section\" data-e-type=\"section\">\n\t\t\t\t\t\t<div class=\"elementor-container elementor-column-gap-default\">\n\t\t\t\t\t<div class=\"elementor-column elementor-col-100 elementor-top-column elementor-element elementor-element-0ceb65e\" data-id=\"0ceb65e\" data-element_type=\"column\" data-e-type=\"column\">\n\t\t\t<div class=\"elementor-widget-wrap elementor-element-populated\">\n\t\t\t\t\t\t<div class=\"elementor-element elementor-element-086d5d5 elementor-widget elementor-widget-text-editor\" data-id=\"086d5d5\" data-element_type=\"widget\" data-e-type=\"widget\" data-widget_type=\"text-editor.default\">\n\t\t\t\t<div class=\"elementor-widget-container\">\n\t\t\t\t\t\t\t\t\t<p>Les amis du groupe ont \u00e9t\u00e9 extr\u00eamement motiv\u00e9s par ce projet et chacun s&rsquo;est investi pour permettre \u00e0 notre \u00ab\u00a0coup de gueule\u00a0\u00bb de voir le jour. Plus de cent million de requins sont massacr\u00e9s chaque ann\u00e9e sans que cela semble d\u00e9ranger celle que l&rsquo;on nomme, l&rsquo;opinion publique. Et pour cause, le public ne le sait que trop peu.\u00a0<\/p>\t\t\t\t\t\t\t\t<\/div>\n\t\t\t\t<\/div>\n\t\t\t\t\t<\/div>\n\t\t<\/div>\n\t\t\t\t\t<\/div>\n\t\t<\/section>\n\t\t\t\t<section class=\"elementor-section elementor-top-section elementor-element elementor-element-708818e elementor-section-boxed elementor-section-height-default elementor-section-height-default\" data-id=\"708818e\" data-element_type=\"section\" data-e-type=\"section\">\n\t\t\t\t\t\t<div class=\"elementor-container elementor-column-gap-default\">\n\t\t\t\t\t<div class=\"elementor-column elementor-col-100 elementor-top-column elementor-element elementor-element-7aea200\" data-id=\"7aea200\" data-element_type=\"column\" data-e-type=\"column\">\n\t\t\t<div class=\"elementor-widget-wrap elementor-element-populated\">\n\t\t\t\t\t\t<div class=\"elementor-element elementor-element-7bed72e elementor-widget elementor-widget-image\" data-id=\"7bed72e\" data-element_type=\"widget\" data-e-type=\"widget\" data-widget_type=\"image.default\">\n\t\t\t\t<div class=\"elementor-widget-container\">\n\t\t\t\t\t\t\t\t\t\t\t\t\t\t\t<img decoding=\"async\" width=\"525\" height=\"350\" src=\"https:\/\/yanntrebaol.fr\/musicien\/wp-content\/uploads\/2020\/12\/Olivier-ISNARD-Requins-10.jpg\" class=\"attachment-large size-large wp-image-388\" alt=\"\" srcset=\"https:\/\/yanntrebaol.fr\/musicien\/wp-content\/uploads\/2020\/12\/Olivier-ISNARD-Requins-10.jpg 640w, https:\/\/yanntrebaol.fr\/musicien\/wp-content\/uploads\/2020\/12\/Olivier-ISNARD-Requins-10-300x200.jpg 300w\" sizes=\"100vw\" \/>\t\t\t\t\t\t\t\t\t\t\t\t\t\t\t<\/div>\n\t\t\t\t<\/div>\n\t\t\t\t\t<\/div>\n\t\t<\/div>\n\t\t\t\t\t<\/div>\n\t\t<\/section>\n\t\t\t\t<section class=\"elementor-section elementor-top-section elementor-element elementor-element-520e339 elementor-section-boxed elementor-section-height-default elementor-section-height-default\" data-id=\"520e339\" data-element_type=\"section\" data-e-type=\"section\">\n\t\t\t\t\t\t<div class=\"elementor-container elementor-column-gap-default\">\n\t\t\t\t\t<div class=\"elementor-column elementor-col-100 elementor-top-column elementor-element elementor-element-f2a1fbe\" data-id=\"f2a1fbe\" data-element_type=\"column\" data-e-type=\"column\">\n\t\t\t<div class=\"elementor-widget-wrap elementor-element-populated\">\n\t\t\t\t\t\t<div class=\"elementor-element elementor-element-bb40163 elementor-widget elementor-widget-text-editor\" data-id=\"bb40163\" data-element_type=\"widget\" data-e-type=\"widget\" data-widget_type=\"text-editor.default\">\n\t\t\t\t<div class=\"elementor-widget-container\">\n\t\t\t\t\t\t\t\t\t<p>Certes on ne pr\u00e9tend pas, \u00e0 nous seuls, permettre une prise conscience de l&rsquo;opinion publique sur ce drame de la bio diversit\u00e9, qui se d\u00e9roule sous nos yeux. Des groupes de Rock mondialement connus se sont \u00e9galement empar\u00e9s de la question, je pense notamment \u00e0 A\u00e9rosmith. Mais chaque personne qui visionne cette vid\u00e9o et la fait visionner permet de faire conna\u00eetre ce massacre et la terrible m\u00e9thode du Shark-Finning qui consiste \u00e0 couper les ailerons du requin vivant et \u00e0 le laisser agoniser sur le fond de l&rsquo;oc\u00e9an&#8230; \u00catre humain r\u00e9veille-toi !<\/p>\t\t\t\t\t\t\t\t<\/div>\n\t\t\t\t<\/div>\n\t\t\t\t\t<\/div>\n\t\t<\/div>\n\t\t\t\t\t<\/div>\n\t\t<\/section>\n\t\t\t\t<section class=\"elementor-section elementor-top-section elementor-element elementor-element-09daeb3 elementor-section-boxed elementor-section-height-default elementor-section-height-default\" data-id=\"09daeb3\" data-element_type=\"section\" data-e-type=\"section\">\n\t\t\t\t\t\t<div class=\"elementor-container elementor-column-gap-default\">\n\t\t\t\t\t<div class=\"elementor-column elementor-col-100 elementor-top-column elementor-element elementor-element-9fb9ef6\" data-id=\"9fb9ef6\" data-element_type=\"column\" data-e-type=\"column\">\n\t\t\t<div class=\"elementor-widget-wrap elementor-element-populated\">\n\t\t\t\t\t\t<div class=\"elementor-element elementor-element-5478058 elementor-widget elementor-widget-image\" data-id=\"5478058\" data-element_type=\"widget\" data-e-type=\"widget\" data-widget_type=\"image.default\">\n\t\t\t\t<div class=\"elementor-widget-container\">\n\t\t\t\t\t\t\t\t\t\t\t\t\t\t\t<img loading=\"lazy\" decoding=\"async\" width=\"525\" height=\"350\" src=\"https:\/\/yanntrebaol.fr\/musicien\/wp-content\/uploads\/2020\/12\/F38_ZP0B4128_20190722202536799-1024x683.jpg\" class=\"attachment-large size-large wp-image-389\" alt=\"\" srcset=\"https:\/\/yanntrebaol.fr\/musicien\/wp-content\/uploads\/2020\/12\/F38_ZP0B4128_20190722202536799-1024x683.jpg 1024w, https:\/\/yanntrebaol.fr\/musicien\/wp-content\/uploads\/2020\/12\/F38_ZP0B4128_20190722202536799-300x200.jpg 300w, https:\/\/yanntrebaol.fr\/musicien\/wp-content\/uploads\/2020\/12\/F38_ZP0B4128_20190722202536799-768x512.jpg 768w, https:\/\/yanntrebaol.fr\/musicien\/wp-content\/uploads\/2020\/12\/F38_ZP0B4128_20190722202536799-1536x1024.jpg 1536w, https:\/\/yanntrebaol.fr\/musicien\/wp-content\/uploads\/2020\/12\/F38_ZP0B4128_20190722202536799-2048x1366.jpg 2048w\" sizes=\"100vw\" \/>\t\t\t\t\t\t\t\t\t\t\t\t\t\t\t<\/div>\n\t\t\t\t<\/div>\n\t\t\t\t\t<\/div>\n\t\t<\/div>\n\t\t\t\t\t<\/div>\n\t\t<\/section>\n\t\t\t\t<section class=\"elementor-section elementor-top-section elementor-element elementor-element-0e1315e elementor-section-boxed elementor-section-height-default elementor-section-height-default\" data-id=\"0e1315e\" data-element_type=\"section\" data-e-type=\"section\">\n\t\t\t\t\t\t<div class=\"elementor-container elementor-column-gap-default\">\n\t\t\t\t\t<div class=\"elementor-column elementor-col-100 elementor-top-column elementor-element elementor-element-8de3686\" data-id=\"8de3686\" data-element_type=\"column\" data-e-type=\"column\">\n\t\t\t<div class=\"elementor-widget-wrap elementor-element-populated\">\n\t\t\t\t\t\t<div class=\"elementor-element elementor-element-36a0f76 elementor-widget elementor-widget-text-editor\" data-id=\"36a0f76\" data-element_type=\"widget\" data-e-type=\"widget\" data-widget_type=\"text-editor.default\">\n\t\t\t\t<div class=\"elementor-widget-container\">\n\t\t\t\t\t\t\t\t\t<p>Je tiens \u00e0 remercier l&rsquo;association Sea-Shepherd qui nous a fait confiance en nous donnant des photos et des vid\u00e9os pour pr\u00e9parer notre film musical coup de gueule. Je tiens \u00e9galement \u00e0 citer les quatre photographes qui se sont investis dans ce projet : Sylvie AYER, Olivier ISNARD, Catherine et Patrick RAGOT. Je n&rsquo;oublie pas non plus le site Pixabay.com et ses photographes.<\/p>\t\t\t\t\t\t\t\t<\/div>\n\t\t\t\t<\/div>\n\t\t\t\t\t<\/div>\n\t\t<\/div>\n\t\t\t\t\t<\/div>\n\t\t<\/section>\n\t\t\t\t<section class=\"elementor-section elementor-top-section elementor-element elementor-element-65e3899 elementor-section-boxed elementor-section-height-default elementor-section-height-default\" data-id=\"65e3899\" data-element_type=\"section\" data-e-type=\"section\">\n\t\t\t\t\t\t<div class=\"elementor-container elementor-column-gap-default\">\n\t\t\t\t\t<div class=\"elementor-column elementor-col-100 elementor-top-column elementor-element elementor-element-03c2d8f\" data-id=\"03c2d8f\" data-element_type=\"column\" data-e-type=\"column\">\n\t\t\t<div class=\"elementor-widget-wrap elementor-element-populated\">\n\t\t\t\t\t\t<div class=\"elementor-element elementor-element-3e82c0b elementor-widget elementor-widget-image\" data-id=\"3e82c0b\" data-element_type=\"widget\" data-e-type=\"widget\" data-widget_type=\"image.default\">\n\t\t\t\t<div class=\"elementor-widget-container\">\n\t\t\t\t\t\t\t\t\t\t\t\t\t\t\t<img loading=\"lazy\" decoding=\"async\" width=\"525\" height=\"336\" src=\"https:\/\/yanntrebaol.fr\/musicien\/wp-content\/uploads\/2020\/12\/Requins-Patrick-RAGOT-82-1024x655.jpg\" class=\"attachment-large size-large wp-image-390\" alt=\"\" srcset=\"https:\/\/yanntrebaol.fr\/musicien\/wp-content\/uploads\/2020\/12\/Requins-Patrick-RAGOT-82-1024x655.jpg 1024w, https:\/\/yanntrebaol.fr\/musicien\/wp-content\/uploads\/2020\/12\/Requins-Patrick-RAGOT-82-300x192.jpg 300w, https:\/\/yanntrebaol.fr\/musicien\/wp-content\/uploads\/2020\/12\/Requins-Patrick-RAGOT-82-768x491.jpg 768w, https:\/\/yanntrebaol.fr\/musicien\/wp-content\/uploads\/2020\/12\/Requins-Patrick-RAGOT-82-1536x983.jpg 1536w, https:\/\/yanntrebaol.fr\/musicien\/wp-content\/uploads\/2020\/12\/Requins-Patrick-RAGOT-82-2048x1310.jpg 2048w\" sizes=\"100vw\" \/>\t\t\t\t\t\t\t\t\t\t\t\t\t\t\t<\/div>\n\t\t\t\t<\/div>\n\t\t\t\t\t<\/div>\n\t\t<\/div>\n\t\t\t\t\t<\/div>\n\t\t<\/section>\n\t\t\t\t<section class=\"elementor-section elementor-top-section elementor-element elementor-element-f008448 elementor-section-boxed elementor-section-height-default elementor-section-height-default\" data-id=\"f008448\" data-element_type=\"section\" data-e-type=\"section\">\n\t\t\t\t\t\t<div class=\"elementor-container elementor-column-gap-default\">\n\t\t\t\t\t<div class=\"elementor-column elementor-col-100 elementor-top-column elementor-element elementor-element-62d8d53\" data-id=\"62d8d53\" data-element_type=\"column\" data-e-type=\"column\">\n\t\t\t<div class=\"elementor-widget-wrap elementor-element-populated\">\n\t\t\t\t\t\t<div class=\"elementor-element elementor-element-74f427c elementor-widget elementor-widget-video\" data-id=\"74f427c\" data-element_type=\"widget\" data-e-type=\"widget\" data-settings=\"{&quot;video_type&quot;:&quot;hosted&quot;,&quot;controls&quot;:&quot;yes&quot;}\" data-widget_type=\"video.default\">\n\t\t\t\t<div class=\"elementor-widget-container\">\n\t\t\t\t\t\t\t<div class=\"e-hosted-video elementor-wrapper elementor-open-inline\">\n\t\t\t\t\t<video class=\"elementor-video\" src=\"http:\/\/yanntrebaol.fr\/musicien\/wp-content\/uploads\/2020\/12\/SHARK-BLUES-FRENCH-VERSION.mp4\" controls=\"\" preload=\"metadata\" controlsList=\"nodownload\"><\/video>\n\t\t\t\t<\/div>\n\t\t\t\t\t\t<\/div>\n\t\t\t\t<\/div>\n\t\t\t\t\t<\/div>\n\t\t<\/div>\n\t\t\t\t\t<\/div>\n\t\t<\/section>\n\t\t\t\t<section class=\"elementor-section elementor-top-section elementor-element elementor-element-2489da6 elementor-section-boxed elementor-section-height-default elementor-section-height-default\" data-id=\"2489da6\" data-element_type=\"section\" data-e-type=\"section\">\n\t\t\t\t\t\t<div class=\"elementor-container elementor-column-gap-default\">\n\t\t\t\t\t<div class=\"elementor-column elementor-col-100 elementor-top-column elementor-element elementor-element-6e6ea1a\" data-id=\"6e6ea1a\" data-element_type=\"column\" data-e-type=\"column\">\n\t\t\t<div class=\"elementor-widget-wrap elementor-element-populated\">\n\t\t\t\t\t\t<div class=\"elementor-element elementor-element-337e44f elementor-widget elementor-widget-image\" data-id=\"337e44f\" data-element_type=\"widget\" data-e-type=\"widget\" data-widget_type=\"image.default\">\n\t\t\t\t<div class=\"elementor-widget-container\">\n\t\t\t\t\t\t\t\t\t\t\t\t\t\t\t<img loading=\"lazy\" decoding=\"async\" width=\"525\" height=\"261\" src=\"https:\/\/yanntrebaol.fr\/musicien\/wp-content\/uploads\/2020\/12\/F24_MG_7002_20190722202534424-1024x510.jpg\" class=\"attachment-large size-large wp-image-392\" alt=\"\" srcset=\"https:\/\/yanntrebaol.fr\/musicien\/wp-content\/uploads\/2020\/12\/F24_MG_7002_20190722202534424-1024x510.jpg 1024w, https:\/\/yanntrebaol.fr\/musicien\/wp-content\/uploads\/2020\/12\/F24_MG_7002_20190722202534424-300x149.jpg 300w, https:\/\/yanntrebaol.fr\/musicien\/wp-content\/uploads\/2020\/12\/F24_MG_7002_20190722202534424-768x383.jpg 768w, https:\/\/yanntrebaol.fr\/musicien\/wp-content\/uploads\/2020\/12\/F24_MG_7002_20190722202534424-1536x765.jpg 1536w, https:\/\/yanntrebaol.fr\/musicien\/wp-content\/uploads\/2020\/12\/F24_MG_7002_20190722202534424-2048x1020.jpg 2048w\" sizes=\"100vw\" \/>\t\t\t\t\t\t\t\t\t\t\t\t\t\t\t<\/div>\n\t\t\t\t<\/div>\n\t\t\t\t\t<\/div>\n\t\t<\/div>\n\t\t\t\t\t<\/div>\n\t\t<\/section>\n\t\t\t\t<section class=\"elementor-section elementor-top-section elementor-element elementor-element-8f30a65 elementor-section-boxed elementor-section-height-default elementor-section-height-default\" data-id=\"8f30a65\" data-element_type=\"section\" data-e-type=\"section\">\n\t\t\t\t\t\t<div class=\"elementor-container elementor-column-gap-default\">\n\t\t\t\t\t<div class=\"elementor-column elementor-col-100 elementor-top-column elementor-element elementor-element-2a6348d\" data-id=\"2a6348d\" data-element_type=\"column\" data-e-type=\"column\">\n\t\t\t<div class=\"elementor-widget-wrap elementor-element-populated\">\n\t\t\t\t\t\t<div class=\"elementor-element elementor-element-314dc72 elementor-widget elementor-widget-image\" data-id=\"314dc72\" data-element_type=\"widget\" data-e-type=\"widget\" data-widget_type=\"image.default\">\n\t\t\t\t<div class=\"elementor-widget-container\">\n\t\t\t\t\t\t\t\t\t\t\t\t\t\t\t<img loading=\"lazy\" decoding=\"async\" width=\"525\" height=\"350\" src=\"https:\/\/yanntrebaol.fr\/musicien\/wp-content\/uploads\/2020\/12\/Requins-Patrick-RAGOT-101-1024x683.jpg\" class=\"attachment-large size-large wp-image-394\" alt=\"\" srcset=\"https:\/\/yanntrebaol.fr\/musicien\/wp-content\/uploads\/2020\/12\/Requins-Patrick-RAGOT-101-1024x683.jpg 1024w, https:\/\/yanntrebaol.fr\/musicien\/wp-content\/uploads\/2020\/12\/Requins-Patrick-RAGOT-101-300x200.jpg 300w, https:\/\/yanntrebaol.fr\/musicien\/wp-content\/uploads\/2020\/12\/Requins-Patrick-RAGOT-101-768x513.jpg 768w, https:\/\/yanntrebaol.fr\/musicien\/wp-content\/uploads\/2020\/12\/Requins-Patrick-RAGOT-101-1536x1025.jpg 1536w, https:\/\/yanntrebaol.fr\/musicien\/wp-content\/uploads\/2020\/12\/Requins-Patrick-RAGOT-101-2048x1367.jpg 2048w\" sizes=\"100vw\" \/>\t\t\t\t\t\t\t\t\t\t\t\t\t\t\t<\/div>\n\t\t\t\t<\/div>\n\t\t\t\t\t<\/div>\n\t\t<\/div>\n\t\t\t\t\t<\/div>\n\t\t<\/section>\n\t\t\t\t<section class=\"elementor-section elementor-top-section elementor-element elementor-element-c2b3092 elementor-section-boxed elementor-section-height-default elementor-section-height-default\" data-id=\"c2b3092\" data-element_type=\"section\" data-e-type=\"section\">\n\t\t\t\t\t\t<div class=\"elementor-container elementor-column-gap-default\">\n\t\t\t\t\t<div class=\"elementor-column elementor-col-100 elementor-top-column elementor-element elementor-element-1af9a32\" data-id=\"1af9a32\" data-element_type=\"column\" data-e-type=\"column\">\n\t\t\t<div class=\"elementor-widget-wrap elementor-element-populated\">\n\t\t\t\t\t\t<div class=\"elementor-element elementor-element-bc0e30c elementor-widget elementor-widget-text-editor\" data-id=\"bc0e30c\" data-element_type=\"widget\" data-e-type=\"widget\" data-widget_type=\"text-editor.default\">\n\t\t\t\t<div class=\"elementor-widget-container\">\n\t\t\t\t\t\t\t\t\t<p>Que le film \u00ab\u00a0les dents de la mer\u00a0\u00bb a fait comme mal aux requins ! Il en a fait un mangeur d&rsquo;hommes pour plusieurs g\u00e9n\u00e9rations d&rsquo;\u00eatres humains qui verront son extermination d&rsquo;un bon \u0153il, consid\u00e9rant les oc\u00e9ans comme devant \u00eatre, \u00e0 la fois, un garde-manger et une piscine priv\u00e9e. Reconnaissez que c&rsquo;est extraordinaire de pouvoir les approcher et les photographier dans leur milieu naturel.<\/p>\t\t\t\t\t\t\t\t<\/div>\n\t\t\t\t<\/div>\n\t\t\t\t\t<\/div>\n\t\t<\/div>\n\t\t\t\t\t<\/div>\n\t\t<\/section>\n\t\t\t\t<section class=\"elementor-section elementor-top-section elementor-element elementor-element-336f492 elementor-section-boxed elementor-section-height-default elementor-section-height-default\" data-id=\"336f492\" data-element_type=\"section\" data-e-type=\"section\">\n\t\t\t\t\t\t<div class=\"elementor-container elementor-column-gap-default\">\n\t\t\t\t\t<div class=\"elementor-column elementor-col-100 elementor-top-column elementor-element elementor-element-700f7ff\" data-id=\"700f7ff\" data-element_type=\"column\" data-e-type=\"column\">\n\t\t\t<div class=\"elementor-widget-wrap elementor-element-populated\">\n\t\t\t\t\t\t<div class=\"elementor-element elementor-element-21f3eec elementor-widget elementor-widget-image\" data-id=\"21f3eec\" data-element_type=\"widget\" data-e-type=\"widget\" data-widget_type=\"image.default\">\n\t\t\t\t<div class=\"elementor-widget-container\">\n\t\t\t\t\t\t\t\t\t\t\t\t\t\t\t<img loading=\"lazy\" decoding=\"async\" width=\"525\" height=\"350\" src=\"https:\/\/yanntrebaol.fr\/musicien\/wp-content\/uploads\/2020\/12\/IMG_8086.jpg\" class=\"attachment-large size-large wp-image-401\" alt=\"\" srcset=\"https:\/\/yanntrebaol.fr\/musicien\/wp-content\/uploads\/2020\/12\/IMG_8086.jpg 700w, https:\/\/yanntrebaol.fr\/musicien\/wp-content\/uploads\/2020\/12\/IMG_8086-300x200.jpg 300w\" sizes=\"100vw\" \/>\t\t\t\t\t\t\t\t\t\t\t\t\t\t\t<\/div>\n\t\t\t\t<\/div>\n\t\t\t\t\t<\/div>\n\t\t<\/div>\n\t\t\t\t\t<\/div>\n\t\t<\/section>\n\t\t\t\t<\/div>\n\t\t","protected":false},"excerpt":{"rendered":"<p>Le projet Shark-Blues m&rsquo;a tenu particuli\u00e8rement \u00e0 c\u0153ur. Je suis moniteur de plong\u00e9e sous-marine et j&rsquo;ai le plaisir et le privil\u00e8ge de profiter chaque ann\u00e9e de cet univers, dans lequel nous ne sommes que des invit\u00e9s. Je constate au fil des ann\u00e9es une rar\u00e9faction de la faune et de la flore et ce, malgr\u00e9 l&rsquo;investissement &hellip; <\/p>\n<p class=\"link-more\"><a href=\"https:\/\/yanntrebaol.fr\/musicien\/index.php\/2020\/12\/05\/shark-blues\/\" class=\"more-link\">Continuer la lecture<span class=\"screen-reader-text\"> de &laquo;&nbsp;SHARK BLUES&nbsp;&raquo;<\/span><\/a><\/p>\n","protected":false},"author":1,"featured_media":0,"comment_status":"open","ping_status":"open","sticky":false,"template":"","format":"standard","meta":{"footnotes":""},"categories":[6],"tags":[],"class_list":["post-384","post","type-post","status-publish","format-standard","hentry","category-morceaux-groupe-b-59-pure-rock"],"yoast_head":"<!-- This site is optimized with the Yoast SEO plugin v27.5 - https:\/\/yoast.com\/product\/yoast-seo-wordpress\/ -->\n<title>SHARK BLUES - Yann TREBAOL - MUSICIEN<\/title>\n<meta name=\"robots\" content=\"index, follow, max-snippet:-1, max-image-preview:large, max-video-preview:-1\" \/>\n<link rel=\"canonical\" href=\"https:\/\/yanntrebaol.fr\/musicien\/index.php\/2020\/12\/05\/shark-blues\/\" \/>\n<meta property=\"og:locale\" content=\"fr_FR\" \/>\n<meta property=\"og:type\" content=\"article\" \/>\n<meta property=\"og:title\" content=\"SHARK BLUES - Yann TREBAOL - MUSICIEN\" \/>\n<meta property=\"og:description\" content=\"Le projet Shark-Blues m&rsquo;a tenu particuli\u00e8rement \u00e0 c\u0153ur. Je suis moniteur de plong\u00e9e sous-marine et j&rsquo;ai le plaisir et le privil\u00e8ge de profiter chaque ann\u00e9e de cet univers, dans lequel nous ne sommes que des invit\u00e9s. Je constate au fil des ann\u00e9es une rar\u00e9faction de la faune et de la flore et ce, malgr\u00e9 l&rsquo;investissement &hellip; Continuer la lecture de &laquo;&nbsp;SHARK BLUES&nbsp;&raquo;\" \/>\n<meta property=\"og:url\" content=\"https:\/\/yanntrebaol.fr\/musicien\/index.php\/2020\/12\/05\/shark-blues\/\" \/>\n<meta property=\"og:site_name\" content=\"Yann TREBAOL - MUSICIEN\" \/>\n<meta property=\"article:published_time\" content=\"2020-12-05T14:37:39+00:00\" \/>\n<meta property=\"article:modified_time\" content=\"2020-12-05T14:46:44+00:00\" \/>\n<meta property=\"og:image\" content=\"http:\/\/yanntrebaol.fr\/musicien\/wp-content\/uploads\/2020\/12\/IMG_8082.jpg\" \/>\n<meta name=\"author\" content=\"Yann\" \/>\n<meta name=\"twitter:card\" content=\"summary_large_image\" \/>\n<meta name=\"twitter:label1\" content=\"\u00c9crit par\" \/>\n\t<meta name=\"twitter:data1\" content=\"Yann\" \/>\n\t<meta name=\"twitter:label2\" content=\"Dur\u00e9e de lecture estim\u00e9e\" \/>\n\t<meta name=\"twitter:data2\" content=\"2 minutes\" \/>\n<script type=\"application\/ld+json\" class=\"yoast-schema-graph\">{\"@context\":\"https:\\\/\\\/schema.org\",\"@graph\":[{\"@type\":\"Article\",\"@id\":\"https:\\\/\\\/yanntrebaol.fr\\\/musicien\\\/index.php\\\/2020\\\/12\\\/05\\\/shark-blues\\\/#article\",\"isPartOf\":{\"@id\":\"https:\\\/\\\/yanntrebaol.fr\\\/musicien\\\/index.php\\\/2020\\\/12\\\/05\\\/shark-blues\\\/\"},\"author\":{\"name\":\"Yann\",\"@id\":\"https:\\\/\\\/yanntrebaol.fr\\\/musicien\\\/#\\\/schema\\\/person\\\/805895487f3cd62dcafdd1551e20d2fc\"},\"headline\":\"SHARK BLUES\",\"datePublished\":\"2020-12-05T14:37:39+00:00\",\"dateModified\":\"2020-12-05T14:46:44+00:00\",\"mainEntityOfPage\":{\"@id\":\"https:\\\/\\\/yanntrebaol.fr\\\/musicien\\\/index.php\\\/2020\\\/12\\\/05\\\/shark-blues\\\/\"},\"wordCount\":403,\"commentCount\":0,\"image\":{\"@id\":\"https:\\\/\\\/yanntrebaol.fr\\\/musicien\\\/index.php\\\/2020\\\/12\\\/05\\\/shark-blues\\\/#primaryimage\"},\"thumbnailUrl\":\"http:\\\/\\\/yanntrebaol.fr\\\/musicien\\\/wp-content\\\/uploads\\\/2020\\\/12\\\/IMG_8082.jpg\",\"articleSection\":[\"MORCEAUX B 59 PURE ROCK !\"],\"inLanguage\":\"fr-FR\",\"potentialAction\":[{\"@type\":\"CommentAction\",\"name\":\"Comment\",\"target\":[\"https:\\\/\\\/yanntrebaol.fr\\\/musicien\\\/index.php\\\/2020\\\/12\\\/05\\\/shark-blues\\\/#respond\"]}]},{\"@type\":\"WebPage\",\"@id\":\"https:\\\/\\\/yanntrebaol.fr\\\/musicien\\\/index.php\\\/2020\\\/12\\\/05\\\/shark-blues\\\/\",\"url\":\"https:\\\/\\\/yanntrebaol.fr\\\/musicien\\\/index.php\\\/2020\\\/12\\\/05\\\/shark-blues\\\/\",\"name\":\"SHARK BLUES - Yann TREBAOL - MUSICIEN\",\"isPartOf\":{\"@id\":\"https:\\\/\\\/yanntrebaol.fr\\\/musicien\\\/#website\"},\"primaryImageOfPage\":{\"@id\":\"https:\\\/\\\/yanntrebaol.fr\\\/musicien\\\/index.php\\\/2020\\\/12\\\/05\\\/shark-blues\\\/#primaryimage\"},\"image\":{\"@id\":\"https:\\\/\\\/yanntrebaol.fr\\\/musicien\\\/index.php\\\/2020\\\/12\\\/05\\\/shark-blues\\\/#primaryimage\"},\"thumbnailUrl\":\"http:\\\/\\\/yanntrebaol.fr\\\/musicien\\\/wp-content\\\/uploads\\\/2020\\\/12\\\/IMG_8082.jpg\",\"datePublished\":\"2020-12-05T14:37:39+00:00\",\"dateModified\":\"2020-12-05T14:46:44+00:00\",\"author\":{\"@id\":\"https:\\\/\\\/yanntrebaol.fr\\\/musicien\\\/#\\\/schema\\\/person\\\/805895487f3cd62dcafdd1551e20d2fc\"},\"breadcrumb\":{\"@id\":\"https:\\\/\\\/yanntrebaol.fr\\\/musicien\\\/index.php\\\/2020\\\/12\\\/05\\\/shark-blues\\\/#breadcrumb\"},\"inLanguage\":\"fr-FR\",\"potentialAction\":[{\"@type\":\"ReadAction\",\"target\":[\"https:\\\/\\\/yanntrebaol.fr\\\/musicien\\\/index.php\\\/2020\\\/12\\\/05\\\/shark-blues\\\/\"]}]},{\"@type\":\"ImageObject\",\"inLanguage\":\"fr-FR\",\"@id\":\"https:\\\/\\\/yanntrebaol.fr\\\/musicien\\\/index.php\\\/2020\\\/12\\\/05\\\/shark-blues\\\/#primaryimage\",\"url\":\"https:\\\/\\\/yanntrebaol.fr\\\/musicien\\\/wp-content\\\/uploads\\\/2020\\\/12\\\/IMG_8082.jpg\",\"contentUrl\":\"https:\\\/\\\/yanntrebaol.fr\\\/musicien\\\/wp-content\\\/uploads\\\/2020\\\/12\\\/IMG_8082.jpg\",\"width\":700,\"height\":467},{\"@type\":\"BreadcrumbList\",\"@id\":\"https:\\\/\\\/yanntrebaol.fr\\\/musicien\\\/index.php\\\/2020\\\/12\\\/05\\\/shark-blues\\\/#breadcrumb\",\"itemListElement\":[{\"@type\":\"ListItem\",\"position\":1,\"name\":\"Accueil\",\"item\":\"https:\\\/\\\/yanntrebaol.fr\\\/musicien\\\/\"},{\"@type\":\"ListItem\",\"position\":2,\"name\":\"SHARK BLUES\"}]},{\"@type\":\"WebSite\",\"@id\":\"https:\\\/\\\/yanntrebaol.fr\\\/musicien\\\/#website\",\"url\":\"https:\\\/\\\/yanntrebaol.fr\\\/musicien\\\/\",\"name\":\"Yann TREBAOL - MUSICIEN\",\"description\":\"Un Blog de partage amical de la musique\",\"potentialAction\":[{\"@type\":\"SearchAction\",\"target\":{\"@type\":\"EntryPoint\",\"urlTemplate\":\"https:\\\/\\\/yanntrebaol.fr\\\/musicien\\\/?s={search_term_string}\"},\"query-input\":{\"@type\":\"PropertyValueSpecification\",\"valueRequired\":true,\"valueName\":\"search_term_string\"}}],\"inLanguage\":\"fr-FR\"},{\"@type\":\"Person\",\"@id\":\"https:\\\/\\\/yanntrebaol.fr\\\/musicien\\\/#\\\/schema\\\/person\\\/805895487f3cd62dcafdd1551e20d2fc\",\"name\":\"Yann\",\"image\":{\"@type\":\"ImageObject\",\"inLanguage\":\"fr-FR\",\"@id\":\"https:\\\/\\\/secure.gravatar.com\\\/avatar\\\/15aa617c5f367f3101695d4b3e0714fb56604e72a9127a06f0687bb13863c8bc?s=96&d=mm&r=g\",\"url\":\"https:\\\/\\\/secure.gravatar.com\\\/avatar\\\/15aa617c5f367f3101695d4b3e0714fb56604e72a9127a06f0687bb13863c8bc?s=96&d=mm&r=g\",\"contentUrl\":\"https:\\\/\\\/secure.gravatar.com\\\/avatar\\\/15aa617c5f367f3101695d4b3e0714fb56604e72a9127a06f0687bb13863c8bc?s=96&d=mm&r=g\",\"caption\":\"Yann\"},\"sameAs\":[\"http:\\\/\\\/195.154.112.22\\\/musicien\"],\"url\":\"https:\\\/\\\/yanntrebaol.fr\\\/musicien\\\/index.php\\\/author\\\/wproot\\\/\"}]}<\/script>\n<!-- \/ Yoast SEO plugin. -->","yoast_head_json":{"title":"SHARK BLUES - Yann TREBAOL - MUSICIEN","robots":{"index":"index","follow":"follow","max-snippet":"max-snippet:-1","max-image-preview":"max-image-preview:large","max-video-preview":"max-video-preview:-1"},"canonical":"https:\/\/yanntrebaol.fr\/musicien\/index.php\/2020\/12\/05\/shark-blues\/","og_locale":"fr_FR","og_type":"article","og_title":"SHARK BLUES - Yann TREBAOL - MUSICIEN","og_description":"Le projet Shark-Blues m&rsquo;a tenu particuli\u00e8rement \u00e0 c\u0153ur. Je suis moniteur de plong\u00e9e sous-marine et j&rsquo;ai le plaisir et le privil\u00e8ge de profiter chaque ann\u00e9e de cet univers, dans lequel nous ne sommes que des invit\u00e9s. Je constate au fil des ann\u00e9es une rar\u00e9faction de la faune et de la flore et ce, malgr\u00e9 l&rsquo;investissement &hellip; Continuer la lecture de &laquo;&nbsp;SHARK BLUES&nbsp;&raquo;","og_url":"https:\/\/yanntrebaol.fr\/musicien\/index.php\/2020\/12\/05\/shark-blues\/","og_site_name":"Yann TREBAOL - MUSICIEN","article_published_time":"2020-12-05T14:37:39+00:00","article_modified_time":"2020-12-05T14:46:44+00:00","og_image":[{"url":"http:\/\/yanntrebaol.fr\/musicien\/wp-content\/uploads\/2020\/12\/IMG_8082.jpg","type":"","width":"","height":""}],"author":"Yann","twitter_card":"summary_large_image","twitter_misc":{"\u00c9crit par":"Yann","Dur\u00e9e de lecture estim\u00e9e":"2 minutes"},"schema":{"@context":"https:\/\/schema.org","@graph":[{"@type":"Article","@id":"https:\/\/yanntrebaol.fr\/musicien\/index.php\/2020\/12\/05\/shark-blues\/#article","isPartOf":{"@id":"https:\/\/yanntrebaol.fr\/musicien\/index.php\/2020\/12\/05\/shark-blues\/"},"author":{"name":"Yann","@id":"https:\/\/yanntrebaol.fr\/musicien\/#\/schema\/person\/805895487f3cd62dcafdd1551e20d2fc"},"headline":"SHARK BLUES","datePublished":"2020-12-05T14:37:39+00:00","dateModified":"2020-12-05T14:46:44+00:00","mainEntityOfPage":{"@id":"https:\/\/yanntrebaol.fr\/musicien\/index.php\/2020\/12\/05\/shark-blues\/"},"wordCount":403,"commentCount":0,"image":{"@id":"https:\/\/yanntrebaol.fr\/musicien\/index.php\/2020\/12\/05\/shark-blues\/#primaryimage"},"thumbnailUrl":"http:\/\/yanntrebaol.fr\/musicien\/wp-content\/uploads\/2020\/12\/IMG_8082.jpg","articleSection":["MORCEAUX B 59 PURE ROCK !"],"inLanguage":"fr-FR","potentialAction":[{"@type":"CommentAction","name":"Comment","target":["https:\/\/yanntrebaol.fr\/musicien\/index.php\/2020\/12\/05\/shark-blues\/#respond"]}]},{"@type":"WebPage","@id":"https:\/\/yanntrebaol.fr\/musicien\/index.php\/2020\/12\/05\/shark-blues\/","url":"https:\/\/yanntrebaol.fr\/musicien\/index.php\/2020\/12\/05\/shark-blues\/","name":"SHARK BLUES - Yann TREBAOL - MUSICIEN","isPartOf":{"@id":"https:\/\/yanntrebaol.fr\/musicien\/#website"},"primaryImageOfPage":{"@id":"https:\/\/yanntrebaol.fr\/musicien\/index.php\/2020\/12\/05\/shark-blues\/#primaryimage"},"image":{"@id":"https:\/\/yanntrebaol.fr\/musicien\/index.php\/2020\/12\/05\/shark-blues\/#primaryimage"},"thumbnailUrl":"http:\/\/yanntrebaol.fr\/musicien\/wp-content\/uploads\/2020\/12\/IMG_8082.jpg","datePublished":"2020-12-05T14:37:39+00:00","dateModified":"2020-12-05T14:46:44+00:00","author":{"@id":"https:\/\/yanntrebaol.fr\/musicien\/#\/schema\/person\/805895487f3cd62dcafdd1551e20d2fc"},"breadcrumb":{"@id":"https:\/\/yanntrebaol.fr\/musicien\/index.php\/2020\/12\/05\/shark-blues\/#breadcrumb"},"inLanguage":"fr-FR","potentialAction":[{"@type":"ReadAction","target":["https:\/\/yanntrebaol.fr\/musicien\/index.php\/2020\/12\/05\/shark-blues\/"]}]},{"@type":"ImageObject","inLanguage":"fr-FR","@id":"https:\/\/yanntrebaol.fr\/musicien\/index.php\/2020\/12\/05\/shark-blues\/#primaryimage","url":"https:\/\/yanntrebaol.fr\/musicien\/wp-content\/uploads\/2020\/12\/IMG_8082.jpg","contentUrl":"https:\/\/yanntrebaol.fr\/musicien\/wp-content\/uploads\/2020\/12\/IMG_8082.jpg","width":700,"height":467},{"@type":"BreadcrumbList","@id":"https:\/\/yanntrebaol.fr\/musicien\/index.php\/2020\/12\/05\/shark-blues\/#breadcrumb","itemListElement":[{"@type":"ListItem","position":1,"name":"Accueil","item":"https:\/\/yanntrebaol.fr\/musicien\/"},{"@type":"ListItem","position":2,"name":"SHARK BLUES"}]},{"@type":"WebSite","@id":"https:\/\/yanntrebaol.fr\/musicien\/#website","url":"https:\/\/yanntrebaol.fr\/musicien\/","name":"Yann TREBAOL - MUSICIEN","description":"Un Blog de partage amical de la musique","potentialAction":[{"@type":"SearchAction","target":{"@type":"EntryPoint","urlTemplate":"https:\/\/yanntrebaol.fr\/musicien\/?s={search_term_string}"},"query-input":{"@type":"PropertyValueSpecification","valueRequired":true,"valueName":"search_term_string"}}],"inLanguage":"fr-FR"},{"@type":"Person","@id":"https:\/\/yanntrebaol.fr\/musicien\/#\/schema\/person\/805895487f3cd62dcafdd1551e20d2fc","name":"Yann","image":{"@type":"ImageObject","inLanguage":"fr-FR","@id":"https:\/\/secure.gravatar.com\/avatar\/15aa617c5f367f3101695d4b3e0714fb56604e72a9127a06f0687bb13863c8bc?s=96&d=mm&r=g","url":"https:\/\/secure.gravatar.com\/avatar\/15aa617c5f367f3101695d4b3e0714fb56604e72a9127a06f0687bb13863c8bc?s=96&d=mm&r=g","contentUrl":"https:\/\/secure.gravatar.com\/avatar\/15aa617c5f367f3101695d4b3e0714fb56604e72a9127a06f0687bb13863c8bc?s=96&d=mm&r=g","caption":"Yann"},"sameAs":["http:\/\/195.154.112.22\/musicien"],"url":"https:\/\/yanntrebaol.fr\/musicien\/index.php\/author\/wproot\/"}]}},"_links":{"self":[{"href":"https:\/\/yanntrebaol.fr\/musicien\/index.php\/wp-json\/wp\/v2\/posts\/384","targetHints":{"allow":["GET"]}}],"collection":[{"href":"https:\/\/yanntrebaol.fr\/musicien\/index.php\/wp-json\/wp\/v2\/posts"}],"about":[{"href":"https:\/\/yanntrebaol.fr\/musicien\/index.php\/wp-json\/wp\/v2\/types\/post"}],"author":[{"embeddable":true,"href":"https:\/\/yanntrebaol.fr\/musicien\/index.php\/wp-json\/wp\/v2\/users\/1"}],"replies":[{"embeddable":true,"href":"https:\/\/yanntrebaol.fr\/musicien\/index.php\/wp-json\/wp\/v2\/comments?post=384"}],"version-history":[{"count":4,"href":"https:\/\/yanntrebaol.fr\/musicien\/index.php\/wp-json\/wp\/v2\/posts\/384\/revisions"}],"predecessor-version":[{"id":404,"href":"https:\/\/yanntrebaol.fr\/musicien\/index.php\/wp-json\/wp\/v2\/posts\/384\/revisions\/404"}],"wp:attachment":[{"href":"https:\/\/yanntrebaol.fr\/musicien\/index.php\/wp-json\/wp\/v2\/media?parent=384"}],"wp:term":[{"taxonomy":"category","embeddable":true,"href":"https:\/\/yanntrebaol.fr\/musicien\/index.php\/wp-json\/wp\/v2\/categories?post=384"},{"taxonomy":"post_tag","embeddable":true,"href":"https:\/\/yanntrebaol.fr\/musicien\/index.php\/wp-json\/wp\/v2\/tags?post=384"}],"curies":[{"name":"wp","href":"https:\/\/api.w.org\/{rel}","templated":true}]}}