{"id":461,"date":"2020-12-11T22:46:15","date_gmt":"2020-12-11T21:46:15","guid":{"rendered":"http:\/\/yanntrebaol.fr\/musicien\/?p=461"},"modified":"2020-12-12T10:49:22","modified_gmt":"2020-12-12T09:49:22","slug":"les-concerts-et-la-gestion-du-stress","status":"publish","type":"post","link":"https:\/\/yanntrebaol.fr\/musicien\/index.php\/2020\/12\/11\/les-concerts-et-la-gestion-du-stress\/","title":{"rendered":"Les concerts et la gestion du stress !"},"content":{"rendered":"\t\t<div data-elementor-type=\"wp-post\" data-elementor-id=\"461\" class=\"elementor elementor-461\">\n\t\t\t\t\t\t<section class=\"elementor-section elementor-top-section elementor-element elementor-element-083cbba elementor-section-boxed elementor-section-height-default elementor-section-height-default\" data-id=\"083cbba\" data-element_type=\"section\" data-e-type=\"section\">\n\t\t\t\t\t\t<div class=\"elementor-container elementor-column-gap-default\">\n\t\t\t\t\t<div class=\"elementor-column elementor-col-100 elementor-top-column elementor-element elementor-element-9e1d198\" data-id=\"9e1d198\" data-element_type=\"column\" data-e-type=\"column\">\n\t\t\t<div class=\"elementor-widget-wrap elementor-element-populated\">\n\t\t\t\t\t\t<div class=\"elementor-element elementor-element-6c7b2df elementor-widget elementor-widget-image\" data-id=\"6c7b2df\" data-element_type=\"widget\" data-e-type=\"widget\" data-widget_type=\"image.default\">\n\t\t\t\t<div class=\"elementor-widget-container\">\n\t\t\t\t\t\t\t\t\t\t\t\t<figure class=\"wp-caption\">\n\t\t\t\t\t\t\t\t\t\t<img fetchpriority=\"high\" decoding=\"async\" width=\"525\" height=\"350\" src=\"https:\/\/yanntrebaol.fr\/musicien\/wp-content\/uploads\/2020\/12\/concert-768722_1920-1024x683.jpg\" class=\"attachment-large size-large wp-image-463\" alt=\"\" srcset=\"https:\/\/yanntrebaol.fr\/musicien\/wp-content\/uploads\/2020\/12\/concert-768722_1920-1024x683.jpg 1024w, https:\/\/yanntrebaol.fr\/musicien\/wp-content\/uploads\/2020\/12\/concert-768722_1920-300x200.jpg 300w, https:\/\/yanntrebaol.fr\/musicien\/wp-content\/uploads\/2020\/12\/concert-768722_1920-768x512.jpg 768w, https:\/\/yanntrebaol.fr\/musicien\/wp-content\/uploads\/2020\/12\/concert-768722_1920-1536x1024.jpg 1536w, https:\/\/yanntrebaol.fr\/musicien\/wp-content\/uploads\/2020\/12\/concert-768722_1920.jpg 1920w\" sizes=\"100vw\" \/>\t\t\t\t\t\t\t\t\t\t\t<figcaption class=\"widget-image-caption wp-caption-text\">Image par <a href=\"https:\/\/pixabay.com\/photos\/?utm_source=link-attribution&amp;utm_medium=referral&amp;utm_campaign=image&amp;utm_content=768722\">Free-Photos<\/a> de <a href=\"https:\/\/pixabay.com\/fr\/?utm_source=link-attribution&amp;utm_medium=referral&amp;utm_campaign=image&amp;utm_content=768722\">Pixabay<\/a><\/figcaption>\n\t\t\t\t\t\t\t\t\t\t<\/figure>\n\t\t\t\t\t\t\t\t\t<\/div>\n\t\t\t\t<\/div>\n\t\t\t\t\t<\/div>\n\t\t<\/div>\n\t\t\t\t\t<\/div>\n\t\t<\/section>\n\t\t\t\t<section class=\"elementor-section elementor-top-section elementor-element elementor-element-fa6f0de elementor-section-boxed elementor-section-height-default elementor-section-height-default\" data-id=\"fa6f0de\" data-element_type=\"section\" data-e-type=\"section\">\n\t\t\t\t\t\t<div class=\"elementor-container elementor-column-gap-default\">\n\t\t\t\t\t<div class=\"elementor-column elementor-col-100 elementor-top-column elementor-element elementor-element-fc70f46\" data-id=\"fc70f46\" data-element_type=\"column\" data-e-type=\"column\">\n\t\t\t<div class=\"elementor-widget-wrap elementor-element-populated\">\n\t\t\t\t\t\t<div class=\"elementor-element elementor-element-e77a1bc elementor-widget elementor-widget-text-editor\" data-id=\"e77a1bc\" data-element_type=\"widget\" data-e-type=\"widget\" data-widget_type=\"text-editor.default\">\n\t\t\t\t<div class=\"elementor-widget-container\">\n\t\t\t\t\t\t\t\t\t<p>Quand tu es musicien, le plus beau moment reste le partage avec le public. Pour un concert de Rock, l\u2019id\u00e9al c\u2019est qu\u2019il y ait une buvette pas trop \u00e9loign\u00e9e de la sc\u00e8ne et, surtout, qu\u2019il n\u2019y ait pas de chaises pour s\u2019asseoir\u2026 Une fois que le groupe a fait ses balances (bonjour ami Ing\u00e9 sons) il n\u2019a plus qu\u2019\u00e0 attendre l\u2019heure du live. Cela peut \u00eatre long, voire, tr\u00e8s long.<\/p><p>Je me souviens d\u2019un concert que nous avons fait chez des bikers avec trois autres groupes au profit d\u2019une association qui \u0153uvre pour venir en aide aux sans-abri. Nous devions passer en troisi\u00e8me position, sachant qu\u2019une grande partie du public venait pour voir et \u00e9couter le tribute d\u2019AC\/DC de mon ami Jean-Christophe qui passait en fin de concert. Entre les balances et notre mont\u00e9e sur sc\u00e8ne, le temps nous a sembl\u00e9 infiniment long. Notre influx nerveux s\u2019\u00e9vaporait au fil des minutes et, pour ma part, je ressentais presque le besoin d\u2019aller piquer un petit somme alors que le public \u00e9tait d\u00e9j\u00e0 l\u00e0 !<\/p>\t\t\t\t\t\t\t\t<\/div>\n\t\t\t\t<\/div>\n\t\t\t\t\t<\/div>\n\t\t<\/div>\n\t\t\t\t\t<\/div>\n\t\t<\/section>\n\t\t\t\t<section class=\"elementor-section elementor-top-section elementor-element elementor-element-d5737b9 elementor-section-boxed elementor-section-height-default elementor-section-height-default\" data-id=\"d5737b9\" data-element_type=\"section\" data-e-type=\"section\">\n\t\t\t\t\t\t<div class=\"elementor-container elementor-column-gap-default\">\n\t\t\t\t\t<div class=\"elementor-column elementor-col-100 elementor-top-column elementor-element elementor-element-bde0351\" data-id=\"bde0351\" data-element_type=\"column\" data-e-type=\"column\">\n\t\t\t<div class=\"elementor-widget-wrap elementor-element-populated\">\n\t\t\t\t\t\t<div class=\"elementor-element elementor-element-0cb290c elementor-widget elementor-widget-image\" data-id=\"0cb290c\" data-element_type=\"widget\" data-e-type=\"widget\" data-widget_type=\"image.default\">\n\t\t\t\t<div class=\"elementor-widget-container\">\n\t\t\t\t\t\t\t\t\t\t\t\t<figure class=\"wp-caption\">\n\t\t\t\t\t\t\t\t\t\t<img decoding=\"async\" width=\"525\" height=\"394\" src=\"https:\/\/yanntrebaol.fr\/musicien\/wp-content\/uploads\/2020\/12\/french-bulldog-4713013_1920-1024x768.jpg\" class=\"attachment-large size-large wp-image-464\" alt=\"\" srcset=\"https:\/\/yanntrebaol.fr\/musicien\/wp-content\/uploads\/2020\/12\/french-bulldog-4713013_1920-1024x768.jpg 1024w, https:\/\/yanntrebaol.fr\/musicien\/wp-content\/uploads\/2020\/12\/french-bulldog-4713013_1920-300x225.jpg 300w, https:\/\/yanntrebaol.fr\/musicien\/wp-content\/uploads\/2020\/12\/french-bulldog-4713013_1920-768x576.jpg 768w, https:\/\/yanntrebaol.fr\/musicien\/wp-content\/uploads\/2020\/12\/french-bulldog-4713013_1920-1536x1152.jpg 1536w, https:\/\/yanntrebaol.fr\/musicien\/wp-content\/uploads\/2020\/12\/french-bulldog-4713013_1920.jpg 1920w\" sizes=\"100vw\" \/>\t\t\t\t\t\t\t\t\t\t\t<figcaption class=\"widget-image-caption wp-caption-text\">Image par <a href=\"https:\/\/pixabay.com\/fr\/users\/mylene2401-10328767\/?utm_source=link-attribution&amp;utm_medium=referral&amp;utm_campaign=image&amp;utm_content=4713013\">Mylene2401<\/a> de <a href=\"https:\/\/pixabay.com\/fr\/?utm_source=link-attribution&amp;utm_medium=referral&amp;utm_campaign=image&amp;utm_content=4713013\">Pixabay<\/a><\/figcaption>\n\t\t\t\t\t\t\t\t\t\t<\/figure>\n\t\t\t\t\t\t\t\t\t<\/div>\n\t\t\t\t<\/div>\n\t\t\t\t\t<\/div>\n\t\t<\/div>\n\t\t\t\t\t<\/div>\n\t\t<\/section>\n\t\t\t\t<section class=\"elementor-section elementor-top-section elementor-element elementor-element-21ee44a elementor-section-boxed elementor-section-height-default elementor-section-height-default\" data-id=\"21ee44a\" data-element_type=\"section\" data-e-type=\"section\">\n\t\t\t\t\t\t<div class=\"elementor-container elementor-column-gap-default\">\n\t\t\t\t\t<div class=\"elementor-column elementor-col-100 elementor-top-column elementor-element elementor-element-1416694\" data-id=\"1416694\" data-element_type=\"column\" data-e-type=\"column\">\n\t\t\t<div class=\"elementor-widget-wrap elementor-element-populated\">\n\t\t\t\t\t\t<div class=\"elementor-element elementor-element-4a6c4cf elementor-widget elementor-widget-text-editor\" data-id=\"4a6c4cf\" data-element_type=\"widget\" data-e-type=\"widget\" data-widget_type=\"text-editor.default\">\n\t\t\t\t<div class=\"elementor-widget-container\">\n\t\t\t\t\t\t\t\t\t<p>Les deux premiers groupes ont jou\u00e9, pratiquement deux heures. Je les trouvais super bons et pendant ce temps, les doutes commen\u00e7aient \u00e0 s\u2019infiltrer dans les m\u00e9andres de mon cerveau, petit \u00e0 petit, jusqu\u2019\u00e0 devenir bien pr\u00e9sents. Les B 59 Pure Rock seront-ils au niveau\u00a0? Est-ce que ma voix va suivre\u00a0? Les amplis crachaient du d\u00e9cibel \u00e0 fond la caisse, j\u2019\u00e9tais crev\u00e9 de ne rien faire. Ma t\u00eate \u00e9tait envahie des suppositions les plus incoh\u00e9rentes les unes que les autres. Finalement, j\u2019ai pris une petite mousse avec mon pote Jim et tout est redevenu clair\u00a0! la magie du houblon sans doute.<\/p>\t\t\t\t\t\t\t\t<\/div>\n\t\t\t\t<\/div>\n\t\t\t\t\t<\/div>\n\t\t<\/div>\n\t\t\t\t\t<\/div>\n\t\t<\/section>\n\t\t\t\t<section class=\"elementor-section elementor-top-section elementor-element elementor-element-382b20c elementor-section-boxed elementor-section-height-default elementor-section-height-default\" data-id=\"382b20c\" data-element_type=\"section\" data-e-type=\"section\">\n\t\t\t\t\t\t<div class=\"elementor-container elementor-column-gap-default\">\n\t\t\t\t\t<div class=\"elementor-column elementor-col-100 elementor-top-column elementor-element elementor-element-eac8e73\" data-id=\"eac8e73\" data-element_type=\"column\" data-e-type=\"column\">\n\t\t\t<div class=\"elementor-widget-wrap elementor-element-populated\">\n\t\t\t\t\t\t<div class=\"elementor-element elementor-element-1865079 elementor-widget elementor-widget-image\" data-id=\"1865079\" data-element_type=\"widget\" data-e-type=\"widget\" data-widget_type=\"image.default\">\n\t\t\t\t<div class=\"elementor-widget-container\">\n\t\t\t\t\t\t\t\t\t\t\t\t<figure class=\"wp-caption\">\n\t\t\t\t\t\t\t\t\t\t<img decoding=\"async\" width=\"525\" height=\"350\" src=\"https:\/\/yanntrebaol.fr\/musicien\/wp-content\/uploads\/2020\/12\/hops-1678583_1920-1024x683.jpg\" class=\"attachment-large size-large wp-image-465\" alt=\"\" srcset=\"https:\/\/yanntrebaol.fr\/musicien\/wp-content\/uploads\/2020\/12\/hops-1678583_1920-1024x683.jpg 1024w, https:\/\/yanntrebaol.fr\/musicien\/wp-content\/uploads\/2020\/12\/hops-1678583_1920-300x200.jpg 300w, https:\/\/yanntrebaol.fr\/musicien\/wp-content\/uploads\/2020\/12\/hops-1678583_1920-768x512.jpg 768w, https:\/\/yanntrebaol.fr\/musicien\/wp-content\/uploads\/2020\/12\/hops-1678583_1920-1536x1024.jpg 1536w, https:\/\/yanntrebaol.fr\/musicien\/wp-content\/uploads\/2020\/12\/hops-1678583_1920.jpg 1920w\" sizes=\"100vw\" \/>\t\t\t\t\t\t\t\t\t\t\t<figcaption class=\"widget-image-caption wp-caption-text\">Image par <a href=\"https:\/\/pixabay.com\/fr\/users\/ulleo-1834854\/?utm_source=link-attribution&amp;utm_medium=referral&amp;utm_campaign=image&amp;utm_content=1678583\">Ulrike Leone<\/a> de <a href=\"https:\/\/pixabay.com\/fr\/?utm_source=link-attribution&amp;utm_medium=referral&amp;utm_campaign=image&amp;utm_content=1678583\">Pixabay<\/a><\/figcaption>\n\t\t\t\t\t\t\t\t\t\t<\/figure>\n\t\t\t\t\t\t\t\t\t<\/div>\n\t\t\t\t<\/div>\n\t\t\t\t\t<\/div>\n\t\t<\/div>\n\t\t\t\t\t<\/div>\n\t\t<\/section>\n\t\t\t\t<section class=\"elementor-section elementor-top-section elementor-element elementor-element-dd4c01d elementor-section-boxed elementor-section-height-default elementor-section-height-default\" data-id=\"dd4c01d\" data-element_type=\"section\" data-e-type=\"section\">\n\t\t\t\t\t\t<div class=\"elementor-container elementor-column-gap-default\">\n\t\t\t\t\t<div class=\"elementor-column elementor-col-100 elementor-top-column elementor-element elementor-element-f5291f3\" data-id=\"f5291f3\" data-element_type=\"column\" data-e-type=\"column\">\n\t\t\t<div class=\"elementor-widget-wrap elementor-element-populated\">\n\t\t\t\t\t\t<div class=\"elementor-element elementor-element-74811ab elementor-widget elementor-widget-text-editor\" data-id=\"74811ab\" data-element_type=\"widget\" data-e-type=\"widget\" data-widget_type=\"text-editor.default\">\n\t\t\t\t<div class=\"elementor-widget-container\">\n\t\t\t\t\t\t\t\t\t<p>Nous sommes mont\u00e9s sur sc\u00e8ne et, au premier riff de gratte, tout \u00e9tait lanc\u00e9 avec un parfait \u00e9quilibre entre le stress et le plaisir. Ouf ! Je sentais que je n\u2019\u00e9tais pas pass\u00e9 loin du \u00ab black-out \u00bb qui fait si peur au \u00ab guitariste-chanteur-sans-prompteur \u00bb que je suis. Vous savez, la goutte de sueur glac\u00e9e, qui s\u2019\u00e9coule lentement le long de votre cou pour venir mourir au creux de vos reins, sans que vous ne puissiez rien faire pour l\u2019arr\u00eater. Eh bien, si je ferme les yeux, je suis en mesure de la ressentir \u00e0 nouveau, c\u2019est vous dire ce que j\u2019ai d\u00e9gust\u00e9 !<\/p>\t\t\t\t\t\t\t\t<\/div>\n\t\t\t\t<\/div>\n\t\t\t\t\t<\/div>\n\t\t<\/div>\n\t\t\t\t\t<\/div>\n\t\t<\/section>\n\t\t\t\t<section class=\"elementor-section elementor-top-section elementor-element elementor-element-b9cdc47 elementor-section-boxed elementor-section-height-default elementor-section-height-default\" data-id=\"b9cdc47\" data-element_type=\"section\" data-e-type=\"section\">\n\t\t\t\t\t\t<div class=\"elementor-container elementor-column-gap-default\">\n\t\t\t\t\t<div class=\"elementor-column elementor-col-100 elementor-top-column elementor-element elementor-element-3f7801e\" data-id=\"3f7801e\" data-element_type=\"column\" data-e-type=\"column\">\n\t\t\t<div class=\"elementor-widget-wrap elementor-element-populated\">\n\t\t\t\t\t\t<div class=\"elementor-element elementor-element-b9633fd elementor-widget elementor-widget-image\" data-id=\"b9633fd\" data-element_type=\"widget\" data-e-type=\"widget\" data-widget_type=\"image.default\">\n\t\t\t\t<div class=\"elementor-widget-container\">\n\t\t\t\t\t\t\t\t\t\t\t\t<figure class=\"wp-caption\">\n\t\t\t\t\t\t\t\t\t\t<img loading=\"lazy\" decoding=\"async\" width=\"525\" height=\"350\" src=\"https:\/\/yanntrebaol.fr\/musicien\/wp-content\/uploads\/2020\/12\/black-white-3581502_1920-1024x683.jpg\" class=\"attachment-large size-large wp-image-466\" alt=\"\" srcset=\"https:\/\/yanntrebaol.fr\/musicien\/wp-content\/uploads\/2020\/12\/black-white-3581502_1920-1024x683.jpg 1024w, https:\/\/yanntrebaol.fr\/musicien\/wp-content\/uploads\/2020\/12\/black-white-3581502_1920-300x200.jpg 300w, https:\/\/yanntrebaol.fr\/musicien\/wp-content\/uploads\/2020\/12\/black-white-3581502_1920-768x512.jpg 768w, https:\/\/yanntrebaol.fr\/musicien\/wp-content\/uploads\/2020\/12\/black-white-3581502_1920-1536x1024.jpg 1536w, https:\/\/yanntrebaol.fr\/musicien\/wp-content\/uploads\/2020\/12\/black-white-3581502_1920.jpg 1920w\" sizes=\"100vw\" \/>\t\t\t\t\t\t\t\t\t\t\t<figcaption class=\"widget-image-caption wp-caption-text\">Image par <a href=\"https:\/\/pixabay.com\/fr\/users\/un-perfekt-9295476\/?utm_source=link-attribution&amp;utm_medium=referral&amp;utm_campaign=image&amp;utm_content=3581502\">Linus Sch\u00fctz<\/a> de <a href=\"https:\/\/pixabay.com\/fr\/?utm_source=link-attribution&amp;utm_medium=referral&amp;utm_campaign=image&amp;utm_content=3581502\">Pixabay<\/a><\/figcaption>\n\t\t\t\t\t\t\t\t\t\t<\/figure>\n\t\t\t\t\t\t\t\t\t<\/div>\n\t\t\t\t<\/div>\n\t\t\t\t\t<\/div>\n\t\t<\/div>\n\t\t\t\t\t<\/div>\n\t\t<\/section>\n\t\t\t\t<section class=\"elementor-section elementor-top-section elementor-element elementor-element-84d549b elementor-section-boxed elementor-section-height-default elementor-section-height-default\" data-id=\"84d549b\" data-element_type=\"section\" data-e-type=\"section\">\n\t\t\t\t\t\t<div class=\"elementor-container elementor-column-gap-default\">\n\t\t\t\t\t<div class=\"elementor-column elementor-col-100 elementor-top-column elementor-element elementor-element-493302d\" data-id=\"493302d\" data-element_type=\"column\" data-e-type=\"column\">\n\t\t\t<div class=\"elementor-widget-wrap elementor-element-populated\">\n\t\t\t\t\t\t<div class=\"elementor-element elementor-element-3e1a09e elementor-widget elementor-widget-text-editor\" data-id=\"3e1a09e\" data-element_type=\"widget\" data-e-type=\"widget\" data-widget_type=\"text-editor.default\">\n\t\t\t\t<div class=\"elementor-widget-container\">\n\t\t\t\t\t\t\t\t\t<p>\u00c0 l\u2019issue du concert, j\u2019ai discut\u00e9 avec un des chanteurs des premiers groupes. Il disait ne plus ressentir ce pincement au ventre que je lui d\u00e9crivais et ce, depuis quelques ann\u00e9es. Il semblait le regretter ce que, je l\u2019avoue, je n\u2019ai toujours pas compris, mais \u00e7a viendra avec le temps, non\u00a0?<\/p>\t\t\t\t\t\t\t\t<\/div>\n\t\t\t\t<\/div>\n\t\t\t\t\t<\/div>\n\t\t<\/div>\n\t\t\t\t\t<\/div>\n\t\t<\/section>\n\t\t\t\t<section class=\"elementor-section elementor-top-section elementor-element elementor-element-4e29374 elementor-section-boxed elementor-section-height-default elementor-section-height-default\" data-id=\"4e29374\" data-element_type=\"section\" data-e-type=\"section\">\n\t\t\t\t\t\t<div class=\"elementor-container elementor-column-gap-default\">\n\t\t\t\t\t<div class=\"elementor-column elementor-col-100 elementor-top-column elementor-element elementor-element-1d65bba\" data-id=\"1d65bba\" data-element_type=\"column\" data-e-type=\"column\">\n\t\t\t<div class=\"elementor-widget-wrap elementor-element-populated\">\n\t\t\t\t\t\t<div class=\"elementor-element elementor-element-3d5b7ed elementor-widget elementor-widget-image\" data-id=\"3d5b7ed\" data-element_type=\"widget\" data-e-type=\"widget\" data-widget_type=\"image.default\">\n\t\t\t\t<div class=\"elementor-widget-container\">\n\t\t\t\t\t\t\t\t\t\t\t\t<figure class=\"wp-caption\">\n\t\t\t\t\t\t\t\t\t\t<img loading=\"lazy\" decoding=\"async\" width=\"525\" height=\"394\" src=\"https:\/\/yanntrebaol.fr\/musicien\/wp-content\/uploads\/2020\/12\/clock-1702513_1920-1024x768.jpg\" class=\"attachment-large size-large wp-image-467\" alt=\"\" srcset=\"https:\/\/yanntrebaol.fr\/musicien\/wp-content\/uploads\/2020\/12\/clock-1702513_1920-1024x768.jpg 1024w, https:\/\/yanntrebaol.fr\/musicien\/wp-content\/uploads\/2020\/12\/clock-1702513_1920-300x225.jpg 300w, https:\/\/yanntrebaol.fr\/musicien\/wp-content\/uploads\/2020\/12\/clock-1702513_1920-768x576.jpg 768w, https:\/\/yanntrebaol.fr\/musicien\/wp-content\/uploads\/2020\/12\/clock-1702513_1920-1536x1152.jpg 1536w, https:\/\/yanntrebaol.fr\/musicien\/wp-content\/uploads\/2020\/12\/clock-1702513_1920.jpg 1920w\" sizes=\"100vw\" \/>\t\t\t\t\t\t\t\t\t\t\t<figcaption class=\"widget-image-caption wp-caption-text\">Image par <a href=\"https:\/\/pixabay.com\/fr\/users\/comfreak-51581\/?utm_source=link-attribution&amp;utm_medium=referral&amp;utm_campaign=image&amp;utm_content=1702513\">Comfreak<\/a> de <a href=\"https:\/\/pixabay.com\/fr\/?utm_source=link-attribution&amp;utm_medium=referral&amp;utm_campaign=image&amp;utm_content=1702513\">Pixabay<\/a><\/figcaption>\n\t\t\t\t\t\t\t\t\t\t<\/figure>\n\t\t\t\t\t\t\t\t\t<\/div>\n\t\t\t\t<\/div>\n\t\t\t\t\t<\/div>\n\t\t<\/div>\n\t\t\t\t\t<\/div>\n\t\t<\/section>\n\t\t\t\t<\/div>\n\t\t","protected":false},"excerpt":{"rendered":"<p>Image par Free-Photos de Pixabay Quand tu es musicien, le plus beau moment reste le partage avec le public. Pour un concert de Rock, l\u2019id\u00e9al c\u2019est qu\u2019il y ait une buvette pas trop \u00e9loign\u00e9e de la sc\u00e8ne et, surtout, qu\u2019il n\u2019y ait pas de chaises pour s\u2019asseoir\u2026 Une fois que le groupe a fait ses &hellip; <\/p>\n<p class=\"link-more\"><a href=\"https:\/\/yanntrebaol.fr\/musicien\/index.php\/2020\/12\/11\/les-concerts-et-la-gestion-du-stress\/\" class=\"more-link\">Continuer la lecture<span class=\"screen-reader-text\"> de &laquo;&nbsp;Les concerts et la gestion du stress !&nbsp;&raquo;<\/span><\/a><\/p>\n","protected":false},"author":1,"featured_media":0,"comment_status":"open","ping_status":"open","sticky":false,"template":"","format":"standard","meta":{"footnotes":""},"categories":[12],"tags":[],"class_list":["post-461","post","type-post","status-publish","format-standard","hentry","category-anecdotes"],"yoast_head":"<!-- This site is optimized with the Yoast SEO plugin v27.5 - https:\/\/yoast.com\/product\/yoast-seo-wordpress\/ -->\n<title>Les concerts et la gestion du stress ! - Yann TREBAOL - MUSICIEN<\/title>\n<meta name=\"robots\" content=\"index, follow, max-snippet:-1, max-image-preview:large, max-video-preview:-1\" \/>\n<link rel=\"canonical\" href=\"https:\/\/yanntrebaol.fr\/musicien\/index.php\/2020\/12\/11\/les-concerts-et-la-gestion-du-stress\/\" \/>\n<meta property=\"og:locale\" content=\"fr_FR\" \/>\n<meta property=\"og:type\" content=\"article\" \/>\n<meta property=\"og:title\" content=\"Les concerts et la gestion du stress ! - Yann TREBAOL - MUSICIEN\" \/>\n<meta property=\"og:description\" content=\"Image par Free-Photos de Pixabay Quand tu es musicien, le plus beau moment reste le partage avec le public. Pour un concert de Rock, l\u2019id\u00e9al c\u2019est qu\u2019il y ait une buvette pas trop \u00e9loign\u00e9e de la sc\u00e8ne et, surtout, qu\u2019il n\u2019y ait pas de chaises pour s\u2019asseoir\u2026 Une fois que le groupe a fait ses &hellip; Continuer la lecture de &laquo;&nbsp;Les concerts et la gestion du stress !&nbsp;&raquo;\" \/>\n<meta property=\"og:url\" content=\"https:\/\/yanntrebaol.fr\/musicien\/index.php\/2020\/12\/11\/les-concerts-et-la-gestion-du-stress\/\" \/>\n<meta property=\"og:site_name\" content=\"Yann TREBAOL - MUSICIEN\" \/>\n<meta property=\"article:published_time\" content=\"2020-12-11T21:46:15+00:00\" \/>\n<meta property=\"article:modified_time\" content=\"2020-12-12T09:49:22+00:00\" \/>\n<meta property=\"og:image\" content=\"http:\/\/yanntrebaol.fr\/musicien\/wp-content\/uploads\/2020\/12\/concert-768722_1920-1024x683.jpg\" \/>\n<meta name=\"author\" content=\"Yann\" \/>\n<meta name=\"twitter:card\" content=\"summary_large_image\" \/>\n<meta name=\"twitter:label1\" content=\"\u00c9crit par\" \/>\n\t<meta name=\"twitter:data1\" content=\"Yann\" \/>\n\t<meta name=\"twitter:label2\" content=\"Dur\u00e9e de lecture estim\u00e9e\" \/>\n\t<meta name=\"twitter:data2\" content=\"2 minutes\" \/>\n<script type=\"application\/ld+json\" class=\"yoast-schema-graph\">{\"@context\":\"https:\\\/\\\/schema.org\",\"@graph\":[{\"@type\":\"Article\",\"@id\":\"https:\\\/\\\/yanntrebaol.fr\\\/musicien\\\/index.php\\\/2020\\\/12\\\/11\\\/les-concerts-et-la-gestion-du-stress\\\/#article\",\"isPartOf\":{\"@id\":\"https:\\\/\\\/yanntrebaol.fr\\\/musicien\\\/index.php\\\/2020\\\/12\\\/11\\\/les-concerts-et-la-gestion-du-stress\\\/\"},\"author\":{\"name\":\"Yann\",\"@id\":\"https:\\\/\\\/yanntrebaol.fr\\\/musicien\\\/#\\\/schema\\\/person\\\/805895487f3cd62dcafdd1551e20d2fc\"},\"headline\":\"Les concerts et la gestion du stress !\",\"datePublished\":\"2020-12-11T21:46:15+00:00\",\"dateModified\":\"2020-12-12T09:49:22+00:00\",\"mainEntityOfPage\":{\"@id\":\"https:\\\/\\\/yanntrebaol.fr\\\/musicien\\\/index.php\\\/2020\\\/12\\\/11\\\/les-concerts-et-la-gestion-du-stress\\\/\"},\"wordCount\":499,\"commentCount\":0,\"image\":{\"@id\":\"https:\\\/\\\/yanntrebaol.fr\\\/musicien\\\/index.php\\\/2020\\\/12\\\/11\\\/les-concerts-et-la-gestion-du-stress\\\/#primaryimage\"},\"thumbnailUrl\":\"http:\\\/\\\/yanntrebaol.fr\\\/musicien\\\/wp-content\\\/uploads\\\/2020\\\/12\\\/concert-768722_1920-1024x683.jpg\",\"articleSection\":[\"ANECDOTES\"],\"inLanguage\":\"fr-FR\",\"potentialAction\":[{\"@type\":\"CommentAction\",\"name\":\"Comment\",\"target\":[\"https:\\\/\\\/yanntrebaol.fr\\\/musicien\\\/index.php\\\/2020\\\/12\\\/11\\\/les-concerts-et-la-gestion-du-stress\\\/#respond\"]}]},{\"@type\":\"WebPage\",\"@id\":\"https:\\\/\\\/yanntrebaol.fr\\\/musicien\\\/index.php\\\/2020\\\/12\\\/11\\\/les-concerts-et-la-gestion-du-stress\\\/\",\"url\":\"https:\\\/\\\/yanntrebaol.fr\\\/musicien\\\/index.php\\\/2020\\\/12\\\/11\\\/les-concerts-et-la-gestion-du-stress\\\/\",\"name\":\"Les concerts et la gestion du stress ! - Yann TREBAOL - MUSICIEN\",\"isPartOf\":{\"@id\":\"https:\\\/\\\/yanntrebaol.fr\\\/musicien\\\/#website\"},\"primaryImageOfPage\":{\"@id\":\"https:\\\/\\\/yanntrebaol.fr\\\/musicien\\\/index.php\\\/2020\\\/12\\\/11\\\/les-concerts-et-la-gestion-du-stress\\\/#primaryimage\"},\"image\":{\"@id\":\"https:\\\/\\\/yanntrebaol.fr\\\/musicien\\\/index.php\\\/2020\\\/12\\\/11\\\/les-concerts-et-la-gestion-du-stress\\\/#primaryimage\"},\"thumbnailUrl\":\"http:\\\/\\\/yanntrebaol.fr\\\/musicien\\\/wp-content\\\/uploads\\\/2020\\\/12\\\/concert-768722_1920-1024x683.jpg\",\"datePublished\":\"2020-12-11T21:46:15+00:00\",\"dateModified\":\"2020-12-12T09:49:22+00:00\",\"author\":{\"@id\":\"https:\\\/\\\/yanntrebaol.fr\\\/musicien\\\/#\\\/schema\\\/person\\\/805895487f3cd62dcafdd1551e20d2fc\"},\"breadcrumb\":{\"@id\":\"https:\\\/\\\/yanntrebaol.fr\\\/musicien\\\/index.php\\\/2020\\\/12\\\/11\\\/les-concerts-et-la-gestion-du-stress\\\/#breadcrumb\"},\"inLanguage\":\"fr-FR\",\"potentialAction\":[{\"@type\":\"ReadAction\",\"target\":[\"https:\\\/\\\/yanntrebaol.fr\\\/musicien\\\/index.php\\\/2020\\\/12\\\/11\\\/les-concerts-et-la-gestion-du-stress\\\/\"]}]},{\"@type\":\"ImageObject\",\"inLanguage\":\"fr-FR\",\"@id\":\"https:\\\/\\\/yanntrebaol.fr\\\/musicien\\\/index.php\\\/2020\\\/12\\\/11\\\/les-concerts-et-la-gestion-du-stress\\\/#primaryimage\",\"url\":\"https:\\\/\\\/yanntrebaol.fr\\\/musicien\\\/wp-content\\\/uploads\\\/2020\\\/12\\\/concert-768722_1920.jpg\",\"contentUrl\":\"https:\\\/\\\/yanntrebaol.fr\\\/musicien\\\/wp-content\\\/uploads\\\/2020\\\/12\\\/concert-768722_1920.jpg\",\"width\":1920,\"height\":1280},{\"@type\":\"BreadcrumbList\",\"@id\":\"https:\\\/\\\/yanntrebaol.fr\\\/musicien\\\/index.php\\\/2020\\\/12\\\/11\\\/les-concerts-et-la-gestion-du-stress\\\/#breadcrumb\",\"itemListElement\":[{\"@type\":\"ListItem\",\"position\":1,\"name\":\"Accueil\",\"item\":\"https:\\\/\\\/yanntrebaol.fr\\\/musicien\\\/\"},{\"@type\":\"ListItem\",\"position\":2,\"name\":\"Les concerts et la gestion du stress !\"}]},{\"@type\":\"WebSite\",\"@id\":\"https:\\\/\\\/yanntrebaol.fr\\\/musicien\\\/#website\",\"url\":\"https:\\\/\\\/yanntrebaol.fr\\\/musicien\\\/\",\"name\":\"Yann TREBAOL - MUSICIEN\",\"description\":\"Un Blog de partage amical de la musique\",\"potentialAction\":[{\"@type\":\"SearchAction\",\"target\":{\"@type\":\"EntryPoint\",\"urlTemplate\":\"https:\\\/\\\/yanntrebaol.fr\\\/musicien\\\/?s={search_term_string}\"},\"query-input\":{\"@type\":\"PropertyValueSpecification\",\"valueRequired\":true,\"valueName\":\"search_term_string\"}}],\"inLanguage\":\"fr-FR\"},{\"@type\":\"Person\",\"@id\":\"https:\\\/\\\/yanntrebaol.fr\\\/musicien\\\/#\\\/schema\\\/person\\\/805895487f3cd62dcafdd1551e20d2fc\",\"name\":\"Yann\",\"image\":{\"@type\":\"ImageObject\",\"inLanguage\":\"fr-FR\",\"@id\":\"https:\\\/\\\/secure.gravatar.com\\\/avatar\\\/15aa617c5f367f3101695d4b3e0714fb56604e72a9127a06f0687bb13863c8bc?s=96&d=mm&r=g\",\"url\":\"https:\\\/\\\/secure.gravatar.com\\\/avatar\\\/15aa617c5f367f3101695d4b3e0714fb56604e72a9127a06f0687bb13863c8bc?s=96&d=mm&r=g\",\"contentUrl\":\"https:\\\/\\\/secure.gravatar.com\\\/avatar\\\/15aa617c5f367f3101695d4b3e0714fb56604e72a9127a06f0687bb13863c8bc?s=96&d=mm&r=g\",\"caption\":\"Yann\"},\"sameAs\":[\"http:\\\/\\\/195.154.112.22\\\/musicien\"],\"url\":\"https:\\\/\\\/yanntrebaol.fr\\\/musicien\\\/index.php\\\/author\\\/wproot\\\/\"}]}<\/script>\n<!-- \/ Yoast SEO plugin. -->","yoast_head_json":{"title":"Les concerts et la gestion du stress ! - Yann TREBAOL - MUSICIEN","robots":{"index":"index","follow":"follow","max-snippet":"max-snippet:-1","max-image-preview":"max-image-preview:large","max-video-preview":"max-video-preview:-1"},"canonical":"https:\/\/yanntrebaol.fr\/musicien\/index.php\/2020\/12\/11\/les-concerts-et-la-gestion-du-stress\/","og_locale":"fr_FR","og_type":"article","og_title":"Les concerts et la gestion du stress ! - Yann TREBAOL - MUSICIEN","og_description":"Image par Free-Photos de Pixabay Quand tu es musicien, le plus beau moment reste le partage avec le public. Pour un concert de Rock, l\u2019id\u00e9al c\u2019est qu\u2019il y ait une buvette pas trop \u00e9loign\u00e9e de la sc\u00e8ne et, surtout, qu\u2019il n\u2019y ait pas de chaises pour s\u2019asseoir\u2026 Une fois que le groupe a fait ses &hellip; Continuer la lecture de &laquo;&nbsp;Les concerts et la gestion du stress !&nbsp;&raquo;","og_url":"https:\/\/yanntrebaol.fr\/musicien\/index.php\/2020\/12\/11\/les-concerts-et-la-gestion-du-stress\/","og_site_name":"Yann TREBAOL - MUSICIEN","article_published_time":"2020-12-11T21:46:15+00:00","article_modified_time":"2020-12-12T09:49:22+00:00","og_image":[{"url":"http:\/\/yanntrebaol.fr\/musicien\/wp-content\/uploads\/2020\/12\/concert-768722_1920-1024x683.jpg","type":"","width":"","height":""}],"author":"Yann","twitter_card":"summary_large_image","twitter_misc":{"\u00c9crit par":"Yann","Dur\u00e9e de lecture estim\u00e9e":"2 minutes"},"schema":{"@context":"https:\/\/schema.org","@graph":[{"@type":"Article","@id":"https:\/\/yanntrebaol.fr\/musicien\/index.php\/2020\/12\/11\/les-concerts-et-la-gestion-du-stress\/#article","isPartOf":{"@id":"https:\/\/yanntrebaol.fr\/musicien\/index.php\/2020\/12\/11\/les-concerts-et-la-gestion-du-stress\/"},"author":{"name":"Yann","@id":"https:\/\/yanntrebaol.fr\/musicien\/#\/schema\/person\/805895487f3cd62dcafdd1551e20d2fc"},"headline":"Les concerts et la gestion du stress !","datePublished":"2020-12-11T21:46:15+00:00","dateModified":"2020-12-12T09:49:22+00:00","mainEntityOfPage":{"@id":"https:\/\/yanntrebaol.fr\/musicien\/index.php\/2020\/12\/11\/les-concerts-et-la-gestion-du-stress\/"},"wordCount":499,"commentCount":0,"image":{"@id":"https:\/\/yanntrebaol.fr\/musicien\/index.php\/2020\/12\/11\/les-concerts-et-la-gestion-du-stress\/#primaryimage"},"thumbnailUrl":"http:\/\/yanntrebaol.fr\/musicien\/wp-content\/uploads\/2020\/12\/concert-768722_1920-1024x683.jpg","articleSection":["ANECDOTES"],"inLanguage":"fr-FR","potentialAction":[{"@type":"CommentAction","name":"Comment","target":["https:\/\/yanntrebaol.fr\/musicien\/index.php\/2020\/12\/11\/les-concerts-et-la-gestion-du-stress\/#respond"]}]},{"@type":"WebPage","@id":"https:\/\/yanntrebaol.fr\/musicien\/index.php\/2020\/12\/11\/les-concerts-et-la-gestion-du-stress\/","url":"https:\/\/yanntrebaol.fr\/musicien\/index.php\/2020\/12\/11\/les-concerts-et-la-gestion-du-stress\/","name":"Les concerts et la gestion du stress ! - Yann TREBAOL - MUSICIEN","isPartOf":{"@id":"https:\/\/yanntrebaol.fr\/musicien\/#website"},"primaryImageOfPage":{"@id":"https:\/\/yanntrebaol.fr\/musicien\/index.php\/2020\/12\/11\/les-concerts-et-la-gestion-du-stress\/#primaryimage"},"image":{"@id":"https:\/\/yanntrebaol.fr\/musicien\/index.php\/2020\/12\/11\/les-concerts-et-la-gestion-du-stress\/#primaryimage"},"thumbnailUrl":"http:\/\/yanntrebaol.fr\/musicien\/wp-content\/uploads\/2020\/12\/concert-768722_1920-1024x683.jpg","datePublished":"2020-12-11T21:46:15+00:00","dateModified":"2020-12-12T09:49:22+00:00","author":{"@id":"https:\/\/yanntrebaol.fr\/musicien\/#\/schema\/person\/805895487f3cd62dcafdd1551e20d2fc"},"breadcrumb":{"@id":"https:\/\/yanntrebaol.fr\/musicien\/index.php\/2020\/12\/11\/les-concerts-et-la-gestion-du-stress\/#breadcrumb"},"inLanguage":"fr-FR","potentialAction":[{"@type":"ReadAction","target":["https:\/\/yanntrebaol.fr\/musicien\/index.php\/2020\/12\/11\/les-concerts-et-la-gestion-du-stress\/"]}]},{"@type":"ImageObject","inLanguage":"fr-FR","@id":"https:\/\/yanntrebaol.fr\/musicien\/index.php\/2020\/12\/11\/les-concerts-et-la-gestion-du-stress\/#primaryimage","url":"https:\/\/yanntrebaol.fr\/musicien\/wp-content\/uploads\/2020\/12\/concert-768722_1920.jpg","contentUrl":"https:\/\/yanntrebaol.fr\/musicien\/wp-content\/uploads\/2020\/12\/concert-768722_1920.jpg","width":1920,"height":1280},{"@type":"BreadcrumbList","@id":"https:\/\/yanntrebaol.fr\/musicien\/index.php\/2020\/12\/11\/les-concerts-et-la-gestion-du-stress\/#breadcrumb","itemListElement":[{"@type":"ListItem","position":1,"name":"Accueil","item":"https:\/\/yanntrebaol.fr\/musicien\/"},{"@type":"ListItem","position":2,"name":"Les concerts et la gestion du stress !"}]},{"@type":"WebSite","@id":"https:\/\/yanntrebaol.fr\/musicien\/#website","url":"https:\/\/yanntrebaol.fr\/musicien\/","name":"Yann TREBAOL - MUSICIEN","description":"Un Blog de partage amical de la musique","potentialAction":[{"@type":"SearchAction","target":{"@type":"EntryPoint","urlTemplate":"https:\/\/yanntrebaol.fr\/musicien\/?s={search_term_string}"},"query-input":{"@type":"PropertyValueSpecification","valueRequired":true,"valueName":"search_term_string"}}],"inLanguage":"fr-FR"},{"@type":"Person","@id":"https:\/\/yanntrebaol.fr\/musicien\/#\/schema\/person\/805895487f3cd62dcafdd1551e20d2fc","name":"Yann","image":{"@type":"ImageObject","inLanguage":"fr-FR","@id":"https:\/\/secure.gravatar.com\/avatar\/15aa617c5f367f3101695d4b3e0714fb56604e72a9127a06f0687bb13863c8bc?s=96&d=mm&r=g","url":"https:\/\/secure.gravatar.com\/avatar\/15aa617c5f367f3101695d4b3e0714fb56604e72a9127a06f0687bb13863c8bc?s=96&d=mm&r=g","contentUrl":"https:\/\/secure.gravatar.com\/avatar\/15aa617c5f367f3101695d4b3e0714fb56604e72a9127a06f0687bb13863c8bc?s=96&d=mm&r=g","caption":"Yann"},"sameAs":["http:\/\/195.154.112.22\/musicien"],"url":"https:\/\/yanntrebaol.fr\/musicien\/index.php\/author\/wproot\/"}]}},"_links":{"self":[{"href":"https:\/\/yanntrebaol.fr\/musicien\/index.php\/wp-json\/wp\/v2\/posts\/461","targetHints":{"allow":["GET"]}}],"collection":[{"href":"https:\/\/yanntrebaol.fr\/musicien\/index.php\/wp-json\/wp\/v2\/posts"}],"about":[{"href":"https:\/\/yanntrebaol.fr\/musicien\/index.php\/wp-json\/wp\/v2\/types\/post"}],"author":[{"embeddable":true,"href":"https:\/\/yanntrebaol.fr\/musicien\/index.php\/wp-json\/wp\/v2\/users\/1"}],"replies":[{"embeddable":true,"href":"https:\/\/yanntrebaol.fr\/musicien\/index.php\/wp-json\/wp\/v2\/comments?post=461"}],"version-history":[{"count":10,"href":"https:\/\/yanntrebaol.fr\/musicien\/index.php\/wp-json\/wp\/v2\/posts\/461\/revisions"}],"predecessor-version":[{"id":504,"href":"https:\/\/yanntrebaol.fr\/musicien\/index.php\/wp-json\/wp\/v2\/posts\/461\/revisions\/504"}],"wp:attachment":[{"href":"https:\/\/yanntrebaol.fr\/musicien\/index.php\/wp-json\/wp\/v2\/media?parent=461"}],"wp:term":[{"taxonomy":"category","embeddable":true,"href":"https:\/\/yanntrebaol.fr\/musicien\/index.php\/wp-json\/wp\/v2\/categories?post=461"},{"taxonomy":"post_tag","embeddable":true,"href":"https:\/\/yanntrebaol.fr\/musicien\/index.php\/wp-json\/wp\/v2\/tags?post=461"}],"curies":[{"name":"wp","href":"https:\/\/api.w.org\/{rel}","templated":true}]}}